{"id":12731,"date":"2022-03-29T13:25:44","date_gmt":"2022-03-29T13:25:44","guid":{"rendered":"https:\/\/citil.av.tr\/?p=12731"},"modified":"2022-03-29T13:26:10","modified_gmt":"2022-03-29T13:26:10","slug":"kisisel-verileriniz-de-en-az-sizin-kadar-ozel","status":"publish","type":"post","link":"https:\/\/citil.av.tr\/en\/kisisel-verileriniz-de-en-az-sizin-kadar-ozel\/","title":{"rendered":"Ki\u015fisel Verileriniz De En Az Sizin Kadar \u00d6zel"},"content":{"rendered":"<p>Ma\u011fazada yapm\u0131\u015f oldu\u011funuz al\u0131\u015fveri\u015fe m\u00fcteakip \u00f6deme yapmak i\u00e7in gitti\u011finiz kasada, \u00f6deme i\u015fleminizi ger\u00e7ekle\u015ftirmek i\u00e7in telefonunuza bir kod gelece\u011finin s\u00f6ylendi\u011fi ve do\u011frulama kodunu s\u00f6yleyip i\u015fleminizi tamamlaman\u0131z neticesinde ise al\u0131\u015fveri\u015finizi tamamlad\u0131\u011f\u0131n\u0131z ma\u011fazadan ard\u0131 arkas\u0131 kesilmeyen ticari elektronik iletiler almaya ba\u015flad\u0131\u011f\u0131n\u0131z\u0131 duyar gibiyiz.<\/p>\n<p>Sizden istenen do\u011frulama kodunu i\u00e7eren mesaj\u0131 g\u00f6ndermeden \u00f6nce taraf\u0131n\u0131za veri sorumlusunca bilgilendirme yap\u0131lmamas\u0131 yahut do\u011frulama kodu iletisinden \u00f6nce bir ayd\u0131nlatma metni g\u00f6nderilmemesi taraf\u0131n\u0131z\u0131n a\u00e7\u0131k r\u0131zas\u0131n\u0131n al\u0131nmad\u0131\u011f\u0131 anlam\u0131na gelmektedir.<span class=\"Apple-converted-space\">\u00a0<\/span><\/p>\n<p>A\u00e7\u0131k r\u0131zan\u0131n al\u0131nmas\u0131 i\u00e7in \u00f6ncelikle ki\u015finin r\u0131za g\u00f6sterdi\u011fi konunun ne oldu\u011funa dair detayl\u0131 bir bilgilendirilme yap\u0131lmal\u0131d\u0131r. R\u0131za g\u00f6sterme \u015fart\u0131 zaten bilgilendirme yap\u0131lmas\u0131n\u0131 sa\u011flama amac\u0131yla getirilmi\u015ftir ancak pek \u00e7ok ma\u011faza\/marka bu noktada bilgilendirme yapmadan SMS ile bir kod g\u00f6ndererek kodun t\u00fcketici taraf\u0131ndan ilgili \u00e7al\u0131\u015fana s\u00f6ylenmesi ile sonraki ticari iletileri g\u00f6ndermek i\u00e7in onay alm\u0131\u015f gibi hareket edip ayd\u0131nlatma y\u00fck\u00fcml\u00fcl\u00fc\u011f\u00fcn\u00fc ihlal etmektedir.<\/p>\n<p>Ayd\u0131nlatma y\u00fck\u00fcml\u00fcl\u00fc\u011f\u00fc ve a\u00e7\u0131k r\u0131za al\u0131nmas\u0131 birbirinden farkl\u0131 iki ayr\u0131 i\u015flemdir. Ayd\u0131nlatma y\u00fck\u00fcml\u00fcl\u00fc\u011f\u00fc yerine getirilmeden ki\u015fisel verilerin i\u015flenmesine dair onay al\u0131nd\u0131\u011f\u0131ndan bahsedilemeyece\u011fi gibi bu iki farkl\u0131 i\u015flemin tek bir eylemde ger\u00e7ekle\u015fmesi de KVKK (Ki\u015fisel Verilerin Korunmas\u0131 Kanunu) kapsam\u0131nda amaca hizmet etmemektedir.<\/p>\n<p>Konu hakk\u0131nda daha fazla bilgi edinmek i\u00e7in <a href=\"https:\/\/www.kvkk.gov.tr\/Icerik\/7104\/MAGAZALARDA-ALISVERIS-SIRASINDA-ILGILI-KISILERE-SMS-ILE-DOGRULAMA-KODU-GONDERILMESI-SURETIYLE-KISISEL-VERILERIN-ISLENMESINE-ILISKIN-KAMUOYU-DUYURUSU\">here<\/a> t\u0131klayarak Ki\u015fisel Verileri Koruma Kurumu\u2019nun ilgili duyurusuna ula\u015fabilirsiniz.<\/p>\n<p><b>KAYNAK:<\/b><\/p>\n<p><a href=\"http:\/\/www.kvkk.gov.tr\">kvkk.gov.tr<\/a><\/p>\n<p><a href=\"http:\/\/www.mevzuat.gov.tr\">mevzuat.gov.tr<\/a><\/p>","protected":false},"excerpt":{"rendered":"<p>Ma\u011fazada yapm\u0131\u015f oldu\u011funuz al\u0131\u015fveri\u015fe m\u00fcteakip \u00f6deme yapmak i\u00e7in gitti\u011finiz kasada, \u00f6deme i\u015fleminizi ger\u00e7ekle\u015ftirmek i\u00e7in telefonunuza bir kod gelece\u011finin s\u00f6ylendi\u011fi ve do\u011frulama kodunu s\u00f6yleyip i\u015fleminizi tamamlaman\u0131z neticesinde ise al\u0131\u015fveri\u015finizi tamamlad\u0131\u011f\u0131n\u0131z ma\u011fazadan ard\u0131 arkas\u0131 kesilmeyen ticari elektronik iletiler almaya ba\u015flad\u0131\u011f\u0131n\u0131z\u0131 duyar gibiyiz. Sizden istenen do\u011frulama kodunu i\u00e7eren mesaj\u0131 g\u00f6ndermeden \u00f6nce taraf\u0131n\u0131za veri sorumlusunca bilgilendirme yap\u0131lmamas\u0131 yahut do\u011frulama&#8230;<\/p>","protected":false},"author":1,"featured_media":12732,"comment_status":"closed","ping_status":"closed","sticky":false,"template":"","format":"standard","meta":[],"categories":[95],"tags":[57,141,44,139,74,140],"yoast_head":"<!-- This site is optimized with the Yoast SEO plugin v21.1 - https:\/\/yoast.com\/wordpress\/plugins\/seo\/ -->\n<title>Ki\u015fisel Verileriniz De En Az Sizin Kadar \u00d6zel - \u00c7itil Avukatl\u0131k Ortakl\u0131\u011f\u0131<\/title>\n<meta name=\"description\" content=\"Al\u0131\u015fveri\u015fte kasada telefonunuza bir kod gelece\u011finin s\u00f6ylendi\u011fi ve sonras\u0131nda ma\u011fazadan devaml\u0131 ticari elektronik iletiler almaya ba\u015flad\u0131\u011f\u0131n\u0131z\u0131 duyar gibiyiz.\" \/>\n<meta name=\"robots\" content=\"index, follow, max-snippet:-1, max-image-preview:large, max-video-preview:-1\" \/>\n<link rel=\"canonical\" href=\"https:\/\/citil.av.tr\/en\/kisisel-verileriniz-de-en-az-sizin-kadar-ozel\/\" \/>\n<meta property=\"og:locale\" content=\"en_US\" \/>\n<meta property=\"og:type\" content=\"article\" \/>\n<meta property=\"og:title\" content=\"Ki\u015fisel Verileriniz De En Az Sizin Kadar \u00d6zel - \u00c7itil Avukatl\u0131k Ortakl\u0131\u011f\u0131\" \/>\n<meta property=\"og:description\" content=\"Al\u0131\u015fveri\u015fte kasada telefonunuza bir kod gelece\u011finin s\u00f6ylendi\u011fi ve sonras\u0131nda ma\u011fazadan devaml\u0131 ticari elektronik iletiler almaya ba\u015flad\u0131\u011f\u0131n\u0131z\u0131 duyar gibiyiz.\" \/>\n<meta property=\"og:url\" content=\"https:\/\/citil.av.tr\/en\/kisisel-verileriniz-de-en-az-sizin-kadar-ozel\/\" \/>\n<meta property=\"og:site_name\" content=\"\u00c7itil Avukatl\u0131k Ortakl\u0131\u011f\u0131\" \/>\n<meta property=\"article:publisher\" content=\"https:\/\/wwwfacebook.com\/citillaw\" \/>\n<meta property=\"article:published_time\" content=\"2022-03-29T13:25:44+00:00\" \/>\n<meta property=\"article:modified_time\" content=\"2022-03-29T13:26:10+00:00\" \/>\n<meta property=\"og:image\" content=\"https:\/\/citil.av.tr\/wp-content\/uploads\/2022\/03\/Kisisel-Verileriniz-De-En-Az-Sizin-Kadar-Ozel.jpg\" \/>\n\t<meta property=\"og:image:width\" content=\"1920\" \/>\n\t<meta property=\"og:image:height\" content=\"1080\" \/>\n\t<meta property=\"og:image:type\" content=\"image\/jpeg\" \/>\n<meta name=\"author\" content=\"\u00c7itil Avukatl\u0131k Ortakl\u0131\u011f\u0131\" \/>\n<meta name=\"twitter:card\" content=\"summary_large_image\" \/>\n<meta name=\"twitter:creator\" content=\"@citillaw\" \/>\n<meta name=\"twitter:site\" content=\"@citillaw\" \/>\n<meta name=\"twitter:label1\" content=\"Written by\" \/>\n\t<meta name=\"twitter:data1\" content=\"\u00c7itil Avukatl\u0131k Ortakl\u0131\u011f\u0131\" \/>\n\t<meta name=\"twitter:label2\" content=\"Est. reading time\" \/>\n\t<meta name=\"twitter:data2\" content=\"1 minute\" \/>\n<script type=\"application\/ld+json\" class=\"yoast-schema-graph\">{\"@context\":\"https:\/\/schema.org\",\"@graph\":[{\"@type\":\"Article\",\"@id\":\"https:\/\/citil.av.tr\/kisisel-verileriniz-de-en-az-sizin-kadar-ozel\/#article\",\"isPartOf\":{\"@id\":\"https:\/\/citil.av.tr\/kisisel-verileriniz-de-en-az-sizin-kadar-ozel\/\"},\"author\":{\"name\":\"\u00c7itil Avukatl\u0131k Ortakl\u0131\u011f\u0131\",\"@id\":\"https:\/\/citil.av.tr\/en\/#\/schema\/person\/1355d05b627ee5b20e8066268a2da484\"},\"headline\":\"Ki\u015fisel Verileriniz De En Az Sizin Kadar \u00d6zel\",\"datePublished\":\"2022-03-29T13:25:44+00:00\",\"dateModified\":\"2022-03-29T13:26:10+00:00\",\"mainEntityOfPage\":{\"@id\":\"https:\/\/citil.av.tr\/kisisel-verileriniz-de-en-az-sizin-kadar-ozel\/\"},\"wordCount\":306,\"publisher\":{\"@id\":\"https:\/\/citil.av.tr\/en\/#organization\"},\"keywords\":[\"avukatl\u0131k\",\"data\",\"hukuk\",\"ki\u015fisel verilesin korunmas\u0131\",\"kvkk\",\"veri\"],\"articleSection\":[\"Blog\"],\"inLanguage\":\"en-US\"},{\"@type\":\"WebPage\",\"@id\":\"https:\/\/citil.av.tr\/kisisel-verileriniz-de-en-az-sizin-kadar-ozel\/\",\"url\":\"https:\/\/citil.av.tr\/kisisel-verileriniz-de-en-az-sizin-kadar-ozel\/\",\"name\":\"Ki\u015fisel Verileriniz De En Az Sizin Kadar \u00d6zel - \u00c7itil Avukatl\u0131k Ortakl\u0131\u011f\u0131\",\"isPartOf\":{\"@id\":\"https:\/\/citil.av.tr\/en\/#website\"},\"datePublished\":\"2022-03-29T13:25:44+00:00\",\"dateModified\":\"2022-03-29T13:26:10+00:00\",\"description\":\"Al\u0131\u015fveri\u015fte kasada telefonunuza bir kod gelece\u011finin s\u00f6ylendi\u011fi ve sonras\u0131nda ma\u011fazadan devaml\u0131 ticari elektronik iletiler almaya ba\u015flad\u0131\u011f\u0131n\u0131z\u0131 duyar gibiyiz.\",\"breadcrumb\":{\"@id\":\"https:\/\/citil.av.tr\/kisisel-verileriniz-de-en-az-sizin-kadar-ozel\/#breadcrumb\"},\"inLanguage\":\"en-US\",\"potentialAction\":[{\"@type\":\"ReadAction\",\"target\":[\"https:\/\/citil.av.tr\/kisisel-verileriniz-de-en-az-sizin-kadar-ozel\/\"]}]},{\"@type\":\"BreadcrumbList\",\"@id\":\"https:\/\/citil.av.tr\/kisisel-verileriniz-de-en-az-sizin-kadar-ozel\/#breadcrumb\",\"itemListElement\":[{\"@type\":\"ListItem\",\"position\":1,\"name\":\"Anasayfa\",\"item\":\"https:\/\/citil.av.tr\/\"},{\"@type\":\"ListItem\",\"position\":2,\"name\":\"Ki\u015fisel Verileriniz De En Az Sizin Kadar \u00d6zel\"}]},{\"@type\":\"WebSite\",\"@id\":\"https:\/\/citil.av.tr\/en\/#website\",\"url\":\"https:\/\/citil.av.tr\/en\/\",\"name\":\"\u00c7itil Avukatl\u0131k Ortakl\u0131\u011f\u0131\",\"description\":\"\u00c7itil Avukatl\u0131k Ortakl\u0131\u011f\u0131\",\"publisher\":{\"@id\":\"https:\/\/citil.av.tr\/en\/#organization\"},\"potentialAction\":[{\"@type\":\"SearchAction\",\"target\":{\"@type\":\"EntryPoint\",\"urlTemplate\":\"https:\/\/citil.av.tr\/en\/?s={search_term_string}\"},\"query-input\":\"required name=search_term_string\"}],\"inLanguage\":\"en-US\"},{\"@type\":\"Organization\",\"@id\":\"https:\/\/citil.av.tr\/en\/#organization\",\"name\":\"\u00c7itil Avukatl\u0131k Ortakl\u0131\u011f\u0131\",\"url\":\"https:\/\/citil.av.tr\/en\/\",\"logo\":{\"@type\":\"ImageObject\",\"inLanguage\":\"en-US\",\"@id\":\"https:\/\/citil.av.tr\/en\/#\/schema\/logo\/image\/\",\"url\":\"https:\/\/citil.av.tr\/wp-content\/uploads\/2020\/11\/citillaw.png\",\"contentUrl\":\"https:\/\/citil.av.tr\/wp-content\/uploads\/2020\/11\/citillaw.png\",\"width\":540,\"height\":118,\"caption\":\"\u00c7itil Avukatl\u0131k Ortakl\u0131\u011f\u0131\"},\"image\":{\"@id\":\"https:\/\/citil.av.tr\/en\/#\/schema\/logo\/image\/\"},\"sameAs\":[\"https:\/\/wwwfacebook.com\/citillaw\",\"https:\/\/twitter.com\/citillaw\",\"https:\/\/instagram.com\/citillaw\",\"https:\/\/www.linkedin.com\/company\/citillaw\/\",\"https:\/\/www.youtube.com\/channel\/UCnDUExMdk-zREsgxkg0GGTg\"]},{\"@type\":\"Person\",\"@id\":\"https:\/\/citil.av.tr\/en\/#\/schema\/person\/1355d05b627ee5b20e8066268a2da484\",\"name\":\"\u00c7itil Avukatl\u0131k Ortakl\u0131\u011f\u0131\",\"sameAs\":[\"https:\/\/citil.av.tr\/\"]}]}<\/script>\n<!-- \/ Yoast SEO plugin. -->","yoast_head_json":{"title":"Ki\u015fisel Verileriniz De En Az Sizin Kadar \u00d6zel - \u00c7itil Avukatl\u0131k Ortakl\u0131\u011f\u0131","description":"Al\u0131\u015fveri\u015fte kasada telefonunuza bir kod gelece\u011finin s\u00f6ylendi\u011fi ve sonras\u0131nda ma\u011fazadan devaml\u0131 ticari elektronik iletiler almaya ba\u015flad\u0131\u011f\u0131n\u0131z\u0131 duyar gibiyiz.","robots":{"index":"index","follow":"follow","max-snippet":"max-snippet:-1","max-image-preview":"max-image-preview:large","max-video-preview":"max-video-preview:-1"},"canonical":"https:\/\/citil.av.tr\/en\/kisisel-verileriniz-de-en-az-sizin-kadar-ozel\/","og_locale":"en_US","og_type":"article","og_title":"Ki\u015fisel Verileriniz De En Az Sizin Kadar \u00d6zel - \u00c7itil Avukatl\u0131k Ortakl\u0131\u011f\u0131","og_description":"Al\u0131\u015fveri\u015fte kasada telefonunuza bir kod gelece\u011finin s\u00f6ylendi\u011fi ve sonras\u0131nda ma\u011fazadan devaml\u0131 ticari elektronik iletiler almaya ba\u015flad\u0131\u011f\u0131n\u0131z\u0131 duyar gibiyiz.","og_url":"https:\/\/citil.av.tr\/en\/kisisel-verileriniz-de-en-az-sizin-kadar-ozel\/","og_site_name":"\u00c7itil Avukatl\u0131k Ortakl\u0131\u011f\u0131","article_publisher":"https:\/\/wwwfacebook.com\/citillaw","article_published_time":"2022-03-29T13:25:44+00:00","article_modified_time":"2022-03-29T13:26:10+00:00","og_image":[{"width":1920,"height":1080,"url":"https:\/\/citil.av.tr\/wp-content\/uploads\/2022\/03\/Kisisel-Verileriniz-De-En-Az-Sizin-Kadar-Ozel.jpg","type":"image\/jpeg"}],"author":"\u00c7itil Avukatl\u0131k Ortakl\u0131\u011f\u0131","twitter_card":"summary_large_image","twitter_creator":"@citillaw","twitter_site":"@citillaw","twitter_misc":{"Written by":"\u00c7itil Avukatl\u0131k Ortakl\u0131\u011f\u0131","Est. reading time":"1 minute"},"schema":{"@context":"https:\/\/schema.org","@graph":[{"@type":"Article","@id":"https:\/\/citil.av.tr\/kisisel-verileriniz-de-en-az-sizin-kadar-ozel\/#article","isPartOf":{"@id":"https:\/\/citil.av.tr\/kisisel-verileriniz-de-en-az-sizin-kadar-ozel\/"},"author":{"name":"\u00c7itil Avukatl\u0131k Ortakl\u0131\u011f\u0131","@id":"https:\/\/citil.av.tr\/en\/#\/schema\/person\/1355d05b627ee5b20e8066268a2da484"},"headline":"Ki\u015fisel Verileriniz De En Az Sizin Kadar \u00d6zel","datePublished":"2022-03-29T13:25:44+00:00","dateModified":"2022-03-29T13:26:10+00:00","mainEntityOfPage":{"@id":"https:\/\/citil.av.tr\/kisisel-verileriniz-de-en-az-sizin-kadar-ozel\/"},"wordCount":306,"publisher":{"@id":"https:\/\/citil.av.tr\/en\/#organization"},"keywords":["avukatl\u0131k","data","hukuk","ki\u015fisel verilesin korunmas\u0131","kvkk","veri"],"articleSection":["Blog"],"inLanguage":"en-US"},{"@type":"WebPage","@id":"https:\/\/citil.av.tr\/kisisel-verileriniz-de-en-az-sizin-kadar-ozel\/","url":"https:\/\/citil.av.tr\/kisisel-verileriniz-de-en-az-sizin-kadar-ozel\/","name":"Ki\u015fisel Verileriniz De En Az Sizin Kadar \u00d6zel - \u00c7itil Avukatl\u0131k Ortakl\u0131\u011f\u0131","isPartOf":{"@id":"https:\/\/citil.av.tr\/en\/#website"},"datePublished":"2022-03-29T13:25:44+00:00","dateModified":"2022-03-29T13:26:10+00:00","description":"Al\u0131\u015fveri\u015fte kasada telefonunuza bir kod gelece\u011finin s\u00f6ylendi\u011fi ve sonras\u0131nda ma\u011fazadan devaml\u0131 ticari elektronik iletiler almaya ba\u015flad\u0131\u011f\u0131n\u0131z\u0131 duyar gibiyiz.","breadcrumb":{"@id":"https:\/\/citil.av.tr\/kisisel-verileriniz-de-en-az-sizin-kadar-ozel\/#breadcrumb"},"inLanguage":"en-US","potentialAction":[{"@type":"ReadAction","target":["https:\/\/citil.av.tr\/kisisel-verileriniz-de-en-az-sizin-kadar-ozel\/"]}]},{"@type":"BreadcrumbList","@id":"https:\/\/citil.av.tr\/kisisel-verileriniz-de-en-az-sizin-kadar-ozel\/#breadcrumb","itemListElement":[{"@type":"ListItem","position":1,"name":"Anasayfa","item":"https:\/\/citil.av.tr\/"},{"@type":"ListItem","position":2,"name":"Ki\u015fisel Verileriniz De En Az Sizin Kadar \u00d6zel"}]},{"@type":"WebSite","@id":"https:\/\/citil.av.tr\/en\/#website","url":"https:\/\/citil.av.tr\/en\/","name":"Citil Attorney Partnership","description":"Citil Attorney Partnership","publisher":{"@id":"https:\/\/citil.av.tr\/en\/#organization"},"potentialAction":[{"@type":"SearchAction","target":{"@type":"EntryPoint","urlTemplate":"https:\/\/citil.av.tr\/en\/?s={search_term_string}"},"query-input":"required name=search_term_string"}],"inLanguage":"en-US"},{"@type":"Organization","@id":"https:\/\/citil.av.tr\/en\/#organization","name":"Citil Attorney Partnership","url":"https:\/\/citil.av.tr\/en\/","logo":{"@type":"ImageObject","inLanguage":"en-US","@id":"https:\/\/citil.av.tr\/en\/#\/schema\/logo\/image\/","url":"https:\/\/citil.av.tr\/wp-content\/uploads\/2020\/11\/citillaw.png","contentUrl":"https:\/\/citil.av.tr\/wp-content\/uploads\/2020\/11\/citillaw.png","width":540,"height":118,"caption":"\u00c7itil Avukatl\u0131k Ortakl\u0131\u011f\u0131"},"image":{"@id":"https:\/\/citil.av.tr\/en\/#\/schema\/logo\/image\/"},"sameAs":["https:\/\/wwwfacebook.com\/citillaw","https:\/\/twitter.com\/citillaw","https:\/\/instagram.com\/citillaw","https:\/\/www.linkedin.com\/company\/citillaw\/","https:\/\/www.youtube.com\/channel\/UCnDUExMdk-zREsgxkg0GGTg"]},{"@type":"Person","@id":"https:\/\/citil.av.tr\/en\/#\/schema\/person\/1355d05b627ee5b20e8066268a2da484","name":"Citil Attorney Partnership","sameAs":["https:\/\/citil.av.tr\/"]}]}},"jetpack_featured_media_url":"https:\/\/citil.av.tr\/wp-content\/uploads\/2022\/03\/Kisisel-Verileriniz-De-En-Az-Sizin-Kadar-Ozel.jpg","post_mailing_queue_ids":[],"_links":{"self":[{"href":"https:\/\/citil.av.tr\/en\/wp-json\/wp\/v2\/posts\/12731"}],"collection":[{"href":"https:\/\/citil.av.tr\/en\/wp-json\/wp\/v2\/posts"}],"about":[{"href":"https:\/\/citil.av.tr\/en\/wp-json\/wp\/v2\/types\/post"}],"author":[{"embeddable":true,"href":"https:\/\/citil.av.tr\/en\/wp-json\/wp\/v2\/users\/1"}],"replies":[{"embeddable":true,"href":"https:\/\/citil.av.tr\/en\/wp-json\/wp\/v2\/comments?post=12731"}],"version-history":[{"count":1,"href":"https:\/\/citil.av.tr\/en\/wp-json\/wp\/v2\/posts\/12731\/revisions"}],"predecessor-version":[{"id":12733,"href":"https:\/\/citil.av.tr\/en\/wp-json\/wp\/v2\/posts\/12731\/revisions\/12733"}],"wp:featuredmedia":[{"embeddable":true,"href":"https:\/\/citil.av.tr\/en\/wp-json\/wp\/v2\/media\/12732"}],"wp:attachment":[{"href":"https:\/\/citil.av.tr\/en\/wp-json\/wp\/v2\/media?parent=12731"}],"wp:term":[{"taxonomy":"category","embeddable":true,"href":"https:\/\/citil.av.tr\/en\/wp-json\/wp\/v2\/categories?post=12731"},{"taxonomy":"post_tag","embeddable":true,"href":"https:\/\/citil.av.tr\/en\/wp-json\/wp\/v2\/tags?post=12731"}],"curies":[{"name":"wp","href":"https:\/\/api.w.org\/{rel}","templated":true}]}}