{"id":12797,"date":"2022-10-01T13:50:31","date_gmt":"2022-10-01T10:50:31","guid":{"rendered":"https:\/\/citil.av.tr\/?p=12797"},"modified":"2022-10-01T14:03:56","modified_gmt":"2022-10-01T11:03:56","slug":"blokzincir-fikri-mulkiyetin-korunmasinda-nasil-bir-katki-saglar","status":"publish","type":"post","link":"https:\/\/citil.av.tr\/en\/blokzincir-fikri-mulkiyetin-korunmasinda-nasil-bir-katki-saglar\/","title":{"rendered":"Blokzincir Fikri M\u00fclkiyetin Korunmas\u0131nda Nas\u0131l Bir Katk\u0131 Sa\u011flar"},"content":{"rendered":"<p>Blokzinciri ilk ortaya \u00e7\u0131kt\u0131\u011f\u0131nda kimse bu kadar b\u00fcy\u00fcmesini beklemiyordu. Blokzincir, art\u0131k kripto paralardan \u00e7ok daha fazlas\u0131. Basit bir tan\u0131m ile blokzincir, dijital kay\u0131tlar\u0131 merkezi olmayan bir \u015fekilde depolamak i\u00e7in kullan\u0131lan veri y\u00f6ntemidir. Bu demektir ki hi\u00e7bir merkezi otorite bu sistemlerin i\u015flemlerine eri\u015femez. Blokzincirinin sa\u011flad\u0131\u011f\u0131 bu veri depolama g\u00f6revi sayesinde kullan\u0131m alan\u0131 g\u00fcn ge\u00e7tik\u00e7e \u00e7e\u015fitlenmekte.<span class=\"Apple-converted-space\">\u00a0<\/span><\/p>\n<h3><b>Fikri M\u00fclkiyetin Korunumu<\/b><\/h3>\n<p>Blokzincirin g\u00fcn\u00fcm\u00fczde kullan\u0131m\u0131n\u0131n yayg\u0131nla\u015ft\u0131\u011f\u0131 alanlardan biri de fikri m\u00fclkiyettir. Bunun sebebi, blokzincirinin de\u011fi\u015ftirilemez yap\u0131ya sahip olmas\u0131. Blokzincirine kaydedilen verilerin de\u011fi\u015ftirilmesi, a\u011fa dahil olan t\u00fcm bloklar\u0131n de\u011fi\u015ftirilmesi anlam\u0131na gelir. Mevcut bilgisayarlar\u0131n g\u00fcc\u00fc, b\u00f6ylesine bir de\u011fi\u015fiklik yapmaya yetmez. Peki, bu kadar g\u00fc\u00e7l\u00fc bir de\u011fi\u015ftirilemezlik sayesinde fikri m\u00fclkiyetlerin korunmas\u0131 m\u00fcmk\u00fcn olabilir mi?<\/p>\n<p>Bu soruya cevap evettir. Blokzincir ile kaydedilen sahiplik ge\u00e7mi\u015fi sayesinde telif haklar\u0131 ve fikri m\u00fclkiyet savunmas\u0131 yap\u0131l\u0131r.<\/p>\n<p>Blokzincir, m\u00fclkiyet takibinin kolay bir \u015fekilde yap\u0131lmas\u0131na izin verir. B\u00f6ylece, sahipli\u011fe kar\u015f\u0131 gelebilecek herhangi bir itirazda, delil olu\u015fturmak kolay olur.<\/p>\n<p>Ayr\u0131ca, blokzincir ile patent al\u0131m\u0131 yapabilir ve ticari markalar da kurabilirsiniz. Yap\u0131lan bu i\u015flemlerin ba\u015fvurular\u0131n\u0131n tarihleri de ayn\u0131 \u015fekilde blokzincir \u00fczerinden g\u00f6r\u00fcnt\u00fclenebilir. T\u00fcm bu verileri, blokzincir teknolojisiyle depolamak, uluslararas\u0131 bir saklama imk\u00e2n\u0131 sa\u011flar.<\/p>\n<h3><b>Ak\u0131ll\u0131 S\u00f6zle\u015fmeler<\/b><\/h3>\n<p>Ak\u0131ll\u0131 s\u00f6zle\u015fmeler, blokzincirinin i\u00e7inde halihaz\u0131rda var olan bir uygulamad\u0131r. Uygun ko\u015fullar\u0131n sa\u011flanmas\u0131 ile beraber blokta depolanan bilgilerin eri\u015fimine izin \u00e7\u0131kar. Bu i\u015flevle \u00f6zellikle fikri m\u00fclkiyete ula\u015fmak isteyen kullan\u0131c\u0131lar, dijital imza kar\u015f\u0131l\u0131\u011f\u0131nda lisans elde eder. Hatta fikri m\u00fclkiyet sahibi, \u00e7al\u0131\u015fmalar\u0131na bu t\u00fcr bir eri\u015fimi reddedebilir. Bu i\u015flemler farkl\u0131 ofisler ziyaret edilmeden otomatik \u015fekilde yap\u0131labilecektir. B\u00f6ylece zamandan tasarruf sa\u011flan\u0131rken bir yandan da fikri m\u00fclkiyetin g\u00fcvenli\u011fi de artt\u0131r\u0131lm\u0131\u015f olur.<\/p>\n<p>B\u00fct\u00fcn bunlar\u0131n yan\u0131nda, ak\u0131ll\u0131 s\u00f6zle\u015fmeler sayesinde fikri m\u00fclkiyeti kullanan ki\u015filerden telif \u00fccreti de toplanabilir.<\/p>\n<p><b>Fikri M\u00fclkiyetinizi Blokzincir ile Koruyacaksan\u0131z;<\/b><\/p>\n<p>Fikri m\u00fclkiyet verilerinizi blokzinciri kullanarak saklamaya karar verirseniz e\u011fer bir fikri m\u00fclkiyet avukat\u0131na dan\u0131\u015fmakta fayda vard\u0131r. Avukatlar sizlere \u00e7al\u0131\u015fmalar\u0131n\u0131z\u0131 en iyi nas\u0131l koruyabilece\u011finizin yolunu g\u00f6sterecektir. Bunun yan\u0131nda, avukatlar, olas\u0131 bir sahiplik itiraz\u0131nda, dava s\u00fcrecinde ve kan\u0131t toplamada rehber olabilir.<span class=\"Apple-converted-space\">\u00a0<\/span><\/p>\n<p><em><b>Berra \u00d6zt\u00fcrk<\/b><\/em><\/p>\n<p><strong>Kaynak\u00e7a:<\/strong><\/p>\n<p><a href=\"https:\/\/www.iotforall.com\/blockchain-intellectual-property-iot\">https:\/\/www.iotforall.com\/blockchain-intellectual-property-iot<\/a><span class=\"Apple-converted-space\">\u00a0<\/span><\/p>\n<p><a href=\"https:\/\/originstamp.com\/blog\/blockchain-and-intellectual-property-rights-protection-technology\/\">https:\/\/originstamp.com\/blog\/blockchain-and-intellectual-property-rights-protection-technology\/<\/a><span class=\"Apple-converted-space\">\u00a0<\/span><\/p>","protected":false},"excerpt":{"rendered":"<p>Blokzinciri ilk ortaya \u00e7\u0131kt\u0131\u011f\u0131nda kimse bu kadar b\u00fcy\u00fcmesini beklemiyordu. Blokzincir, art\u0131k kripto paralardan \u00e7ok daha fazlas\u0131. Basit bir tan\u0131m ile blokzincir, dijital kay\u0131tlar\u0131 merkezi olmayan bir \u015fekilde depolamak i\u00e7in kullan\u0131lan veri y\u00f6ntemidir. Bu demektir ki hi\u00e7bir merkezi otorite bu sistemlerin i\u015flemlerine eri\u015femez. Blokzincirinin sa\u011flad\u0131\u011f\u0131 bu veri depolama g\u00f6revi sayesinde kullan\u0131m alan\u0131 g\u00fcn ge\u00e7tik\u00e7e \u00e7e\u015fitlenmekte.\u00a0 Fikri&#8230;<\/p>","protected":false},"author":1,"featured_media":12799,"comment_status":"closed","ping_status":"closed","sticky":false,"template":"","format":"standard","meta":[],"categories":[95],"tags":[],"yoast_head":"<!-- This site is optimized with the Yoast SEO plugin v21.1 - https:\/\/yoast.com\/wordpress\/plugins\/seo\/ -->\n<title>Blokzincir Fikri M\u00fclkiyetin Korunmas\u0131nda Nas\u0131l Bir Katk\u0131 Sa\u011flar - \u00c7itil Avukatl\u0131k Ortakl\u0131\u011f\u0131<\/title>\n<meta name=\"robots\" content=\"index, follow, max-snippet:-1, max-image-preview:large, max-video-preview:-1\" \/>\n<link rel=\"canonical\" href=\"https:\/\/citil.av.tr\/en\/blokzincir-fikri-mulkiyetin-korunmasinda-nasil-bir-katki-saglar\/\" \/>\n<meta property=\"og:locale\" content=\"en_US\" \/>\n<meta property=\"og:type\" content=\"article\" \/>\n<meta property=\"og:title\" content=\"Blokzincir Fikri M\u00fclkiyetin Korunmas\u0131nda Nas\u0131l Bir Katk\u0131 Sa\u011flar - \u00c7itil Avukatl\u0131k Ortakl\u0131\u011f\u0131\" \/>\n<meta property=\"og:description\" content=\"Blokzinciri ilk ortaya \u00e7\u0131kt\u0131\u011f\u0131nda kimse bu kadar b\u00fcy\u00fcmesini beklemiyordu. Blokzincir, art\u0131k kripto paralardan \u00e7ok daha fazlas\u0131. Basit bir tan\u0131m ile blokzincir, dijital kay\u0131tlar\u0131 merkezi olmayan bir \u015fekilde depolamak i\u00e7in kullan\u0131lan veri y\u00f6ntemidir. Bu demektir ki hi\u00e7bir merkezi otorite bu sistemlerin i\u015flemlerine eri\u015femez. Blokzincirinin sa\u011flad\u0131\u011f\u0131 bu veri depolama g\u00f6revi sayesinde kullan\u0131m alan\u0131 g\u00fcn ge\u00e7tik\u00e7e \u00e7e\u015fitlenmekte.\u00a0 Fikri...\" \/>\n<meta property=\"og:url\" content=\"https:\/\/citil.av.tr\/en\/blokzincir-fikri-mulkiyetin-korunmasinda-nasil-bir-katki-saglar\/\" \/>\n<meta property=\"og:site_name\" content=\"\u00c7itil Avukatl\u0131k Ortakl\u0131\u011f\u0131\" \/>\n<meta property=\"article:publisher\" content=\"https:\/\/wwwfacebook.com\/citillaw\" \/>\n<meta property=\"article:published_time\" content=\"2022-10-01T10:50:31+00:00\" \/>\n<meta property=\"article:modified_time\" content=\"2022-10-01T11:03:56+00:00\" \/>\n<meta property=\"og:image\" content=\"https:\/\/citil.av.tr\/wp-content\/uploads\/2022\/10\/Blokzincir-Fikri-Mulkiyetin-Korunmasinda-Nasil-Bir-Katki-Saglar-Berra-Ozturk.jpg\" \/>\n\t<meta property=\"og:image:width\" content=\"1920\" \/>\n\t<meta property=\"og:image:height\" content=\"1080\" \/>\n\t<meta property=\"og:image:type\" content=\"image\/jpeg\" \/>\n<meta name=\"author\" content=\"\u00c7itil Avukatl\u0131k Ortakl\u0131\u011f\u0131\" \/>\n<meta name=\"twitter:card\" content=\"summary_large_image\" \/>\n<meta name=\"twitter:creator\" content=\"@citillaw\" \/>\n<meta name=\"twitter:site\" content=\"@citillaw\" \/>\n<meta name=\"twitter:label1\" content=\"Written by\" \/>\n\t<meta name=\"twitter:data1\" content=\"\u00c7itil Avukatl\u0131k Ortakl\u0131\u011f\u0131\" \/>\n\t<meta name=\"twitter:label2\" content=\"Est. reading time\" \/>\n\t<meta name=\"twitter:data2\" content=\"2 minutes\" \/>\n<script type=\"application\/ld+json\" class=\"yoast-schema-graph\">{\"@context\":\"https:\/\/schema.org\",\"@graph\":[{\"@type\":\"Article\",\"@id\":\"https:\/\/citil.av.tr\/blokzincir-fikri-mulkiyetin-korunmasinda-nasil-bir-katki-saglar\/#article\",\"isPartOf\":{\"@id\":\"https:\/\/citil.av.tr\/blokzincir-fikri-mulkiyetin-korunmasinda-nasil-bir-katki-saglar\/\"},\"author\":{\"name\":\"\u00c7itil Avukatl\u0131k Ortakl\u0131\u011f\u0131\",\"@id\":\"https:\/\/citil.av.tr\/en\/#\/schema\/person\/1355d05b627ee5b20e8066268a2da484\"},\"headline\":\"Blokzincir Fikri M\u00fclkiyetin Korunmas\u0131nda Nas\u0131l Bir Katk\u0131 Sa\u011flar\",\"datePublished\":\"2022-10-01T10:50:31+00:00\",\"dateModified\":\"2022-10-01T11:03:56+00:00\",\"mainEntityOfPage\":{\"@id\":\"https:\/\/citil.av.tr\/blokzincir-fikri-mulkiyetin-korunmasinda-nasil-bir-katki-saglar\/\"},\"wordCount\":466,\"publisher\":{\"@id\":\"https:\/\/citil.av.tr\/en\/#organization\"},\"articleSection\":[\"Blog\"],\"inLanguage\":\"en-US\"},{\"@type\":\"WebPage\",\"@id\":\"https:\/\/citil.av.tr\/blokzincir-fikri-mulkiyetin-korunmasinda-nasil-bir-katki-saglar\/\",\"url\":\"https:\/\/citil.av.tr\/blokzincir-fikri-mulkiyetin-korunmasinda-nasil-bir-katki-saglar\/\",\"name\":\"Blokzincir Fikri M\u00fclkiyetin Korunmas\u0131nda Nas\u0131l Bir Katk\u0131 Sa\u011flar - \u00c7itil Avukatl\u0131k Ortakl\u0131\u011f\u0131\",\"isPartOf\":{\"@id\":\"https:\/\/citil.av.tr\/en\/#website\"},\"datePublished\":\"2022-10-01T10:50:31+00:00\",\"dateModified\":\"2022-10-01T11:03:56+00:00\",\"breadcrumb\":{\"@id\":\"https:\/\/citil.av.tr\/blokzincir-fikri-mulkiyetin-korunmasinda-nasil-bir-katki-saglar\/#breadcrumb\"},\"inLanguage\":\"en-US\",\"potentialAction\":[{\"@type\":\"ReadAction\",\"target\":[\"https:\/\/citil.av.tr\/blokzincir-fikri-mulkiyetin-korunmasinda-nasil-bir-katki-saglar\/\"]}]},{\"@type\":\"BreadcrumbList\",\"@id\":\"https:\/\/citil.av.tr\/blokzincir-fikri-mulkiyetin-korunmasinda-nasil-bir-katki-saglar\/#breadcrumb\",\"itemListElement\":[{\"@type\":\"ListItem\",\"position\":1,\"name\":\"Anasayfa\",\"item\":\"https:\/\/citil.av.tr\/\"},{\"@type\":\"ListItem\",\"position\":2,\"name\":\"Blokzincir Fikri M\u00fclkiyetin Korunmas\u0131nda Nas\u0131l Bir Katk\u0131 Sa\u011flar\"}]},{\"@type\":\"WebSite\",\"@id\":\"https:\/\/citil.av.tr\/en\/#website\",\"url\":\"https:\/\/citil.av.tr\/en\/\",\"name\":\"\u00c7itil Avukatl\u0131k Ortakl\u0131\u011f\u0131\",\"description\":\"\u00c7itil Avukatl\u0131k Ortakl\u0131\u011f\u0131\",\"publisher\":{\"@id\":\"https:\/\/citil.av.tr\/en\/#organization\"},\"potentialAction\":[{\"@type\":\"SearchAction\",\"target\":{\"@type\":\"EntryPoint\",\"urlTemplate\":\"https:\/\/citil.av.tr\/en\/?s={search_term_string}\"},\"query-input\":\"required name=search_term_string\"}],\"inLanguage\":\"en-US\"},{\"@type\":\"Organization\",\"@id\":\"https:\/\/citil.av.tr\/en\/#organization\",\"name\":\"\u00c7itil Avukatl\u0131k Ortakl\u0131\u011f\u0131\",\"url\":\"https:\/\/citil.av.tr\/en\/\",\"logo\":{\"@type\":\"ImageObject\",\"inLanguage\":\"en-US\",\"@id\":\"https:\/\/citil.av.tr\/en\/#\/schema\/logo\/image\/\",\"url\":\"https:\/\/citil.av.tr\/wp-content\/uploads\/2020\/11\/citillaw.png\",\"contentUrl\":\"https:\/\/citil.av.tr\/wp-content\/uploads\/2020\/11\/citillaw.png\",\"width\":540,\"height\":118,\"caption\":\"\u00c7itil Avukatl\u0131k Ortakl\u0131\u011f\u0131\"},\"image\":{\"@id\":\"https:\/\/citil.av.tr\/en\/#\/schema\/logo\/image\/\"},\"sameAs\":[\"https:\/\/wwwfacebook.com\/citillaw\",\"https:\/\/twitter.com\/citillaw\",\"https:\/\/instagram.com\/citillaw\",\"https:\/\/www.linkedin.com\/company\/citillaw\/\",\"https:\/\/www.youtube.com\/channel\/UCnDUExMdk-zREsgxkg0GGTg\"]},{\"@type\":\"Person\",\"@id\":\"https:\/\/citil.av.tr\/en\/#\/schema\/person\/1355d05b627ee5b20e8066268a2da484\",\"name\":\"\u00c7itil Avukatl\u0131k Ortakl\u0131\u011f\u0131\",\"sameAs\":[\"https:\/\/citil.av.tr\/\"]}]}<\/script>\n<!-- \/ Yoast SEO plugin. -->","yoast_head_json":{"title":"Blokzincir Fikri M\u00fclkiyetin Korunmas\u0131nda Nas\u0131l Bir Katk\u0131 Sa\u011flar - \u00c7itil Avukatl\u0131k Ortakl\u0131\u011f\u0131","robots":{"index":"index","follow":"follow","max-snippet":"max-snippet:-1","max-image-preview":"max-image-preview:large","max-video-preview":"max-video-preview:-1"},"canonical":"https:\/\/citil.av.tr\/en\/blokzincir-fikri-mulkiyetin-korunmasinda-nasil-bir-katki-saglar\/","og_locale":"en_US","og_type":"article","og_title":"Blokzincir Fikri M\u00fclkiyetin Korunmas\u0131nda Nas\u0131l Bir Katk\u0131 Sa\u011flar - \u00c7itil Avukatl\u0131k Ortakl\u0131\u011f\u0131","og_description":"Blokzinciri ilk ortaya \u00e7\u0131kt\u0131\u011f\u0131nda kimse bu kadar b\u00fcy\u00fcmesini beklemiyordu. Blokzincir, art\u0131k kripto paralardan \u00e7ok daha fazlas\u0131. Basit bir tan\u0131m ile blokzincir, dijital kay\u0131tlar\u0131 merkezi olmayan bir \u015fekilde depolamak i\u00e7in kullan\u0131lan veri y\u00f6ntemidir. Bu demektir ki hi\u00e7bir merkezi otorite bu sistemlerin i\u015flemlerine eri\u015femez. Blokzincirinin sa\u011flad\u0131\u011f\u0131 bu veri depolama g\u00f6revi sayesinde kullan\u0131m alan\u0131 g\u00fcn ge\u00e7tik\u00e7e \u00e7e\u015fitlenmekte.\u00a0 Fikri...","og_url":"https:\/\/citil.av.tr\/en\/blokzincir-fikri-mulkiyetin-korunmasinda-nasil-bir-katki-saglar\/","og_site_name":"\u00c7itil Avukatl\u0131k Ortakl\u0131\u011f\u0131","article_publisher":"https:\/\/wwwfacebook.com\/citillaw","article_published_time":"2022-10-01T10:50:31+00:00","article_modified_time":"2022-10-01T11:03:56+00:00","og_image":[{"width":1920,"height":1080,"url":"https:\/\/citil.av.tr\/wp-content\/uploads\/2022\/10\/Blokzincir-Fikri-Mulkiyetin-Korunmasinda-Nasil-Bir-Katki-Saglar-Berra-Ozturk.jpg","type":"image\/jpeg"}],"author":"\u00c7itil Avukatl\u0131k Ortakl\u0131\u011f\u0131","twitter_card":"summary_large_image","twitter_creator":"@citillaw","twitter_site":"@citillaw","twitter_misc":{"Written by":"\u00c7itil Avukatl\u0131k Ortakl\u0131\u011f\u0131","Est. reading time":"2 minutes"},"schema":{"@context":"https:\/\/schema.org","@graph":[{"@type":"Article","@id":"https:\/\/citil.av.tr\/blokzincir-fikri-mulkiyetin-korunmasinda-nasil-bir-katki-saglar\/#article","isPartOf":{"@id":"https:\/\/citil.av.tr\/blokzincir-fikri-mulkiyetin-korunmasinda-nasil-bir-katki-saglar\/"},"author":{"name":"\u00c7itil Avukatl\u0131k Ortakl\u0131\u011f\u0131","@id":"https:\/\/citil.av.tr\/en\/#\/schema\/person\/1355d05b627ee5b20e8066268a2da484"},"headline":"Blokzincir Fikri M\u00fclkiyetin Korunmas\u0131nda Nas\u0131l Bir Katk\u0131 Sa\u011flar","datePublished":"2022-10-01T10:50:31+00:00","dateModified":"2022-10-01T11:03:56+00:00","mainEntityOfPage":{"@id":"https:\/\/citil.av.tr\/blokzincir-fikri-mulkiyetin-korunmasinda-nasil-bir-katki-saglar\/"},"wordCount":466,"publisher":{"@id":"https:\/\/citil.av.tr\/en\/#organization"},"articleSection":["Blog"],"inLanguage":"en-US"},{"@type":"WebPage","@id":"https:\/\/citil.av.tr\/blokzincir-fikri-mulkiyetin-korunmasinda-nasil-bir-katki-saglar\/","url":"https:\/\/citil.av.tr\/blokzincir-fikri-mulkiyetin-korunmasinda-nasil-bir-katki-saglar\/","name":"Blokzincir Fikri M\u00fclkiyetin Korunmas\u0131nda Nas\u0131l Bir Katk\u0131 Sa\u011flar - \u00c7itil Avukatl\u0131k Ortakl\u0131\u011f\u0131","isPartOf":{"@id":"https:\/\/citil.av.tr\/en\/#website"},"datePublished":"2022-10-01T10:50:31+00:00","dateModified":"2022-10-01T11:03:56+00:00","breadcrumb":{"@id":"https:\/\/citil.av.tr\/blokzincir-fikri-mulkiyetin-korunmasinda-nasil-bir-katki-saglar\/#breadcrumb"},"inLanguage":"en-US","potentialAction":[{"@type":"ReadAction","target":["https:\/\/citil.av.tr\/blokzincir-fikri-mulkiyetin-korunmasinda-nasil-bir-katki-saglar\/"]}]},{"@type":"BreadcrumbList","@id":"https:\/\/citil.av.tr\/blokzincir-fikri-mulkiyetin-korunmasinda-nasil-bir-katki-saglar\/#breadcrumb","itemListElement":[{"@type":"ListItem","position":1,"name":"Anasayfa","item":"https:\/\/citil.av.tr\/"},{"@type":"ListItem","position":2,"name":"Blokzincir Fikri M\u00fclkiyetin Korunmas\u0131nda Nas\u0131l Bir Katk\u0131 Sa\u011flar"}]},{"@type":"WebSite","@id":"https:\/\/citil.av.tr\/en\/#website","url":"https:\/\/citil.av.tr\/en\/","name":"Citil Attorney Partnership","description":"Citil Attorney Partnership","publisher":{"@id":"https:\/\/citil.av.tr\/en\/#organization"},"potentialAction":[{"@type":"SearchAction","target":{"@type":"EntryPoint","urlTemplate":"https:\/\/citil.av.tr\/en\/?s={search_term_string}"},"query-input":"required name=search_term_string"}],"inLanguage":"en-US"},{"@type":"Organization","@id":"https:\/\/citil.av.tr\/en\/#organization","name":"Citil Attorney Partnership","url":"https:\/\/citil.av.tr\/en\/","logo":{"@type":"ImageObject","inLanguage":"en-US","@id":"https:\/\/citil.av.tr\/en\/#\/schema\/logo\/image\/","url":"https:\/\/citil.av.tr\/wp-content\/uploads\/2020\/11\/citillaw.png","contentUrl":"https:\/\/citil.av.tr\/wp-content\/uploads\/2020\/11\/citillaw.png","width":540,"height":118,"caption":"\u00c7itil Avukatl\u0131k Ortakl\u0131\u011f\u0131"},"image":{"@id":"https:\/\/citil.av.tr\/en\/#\/schema\/logo\/image\/"},"sameAs":["https:\/\/wwwfacebook.com\/citillaw","https:\/\/twitter.com\/citillaw","https:\/\/instagram.com\/citillaw","https:\/\/www.linkedin.com\/company\/citillaw\/","https:\/\/www.youtube.com\/channel\/UCnDUExMdk-zREsgxkg0GGTg"]},{"@type":"Person","@id":"https:\/\/citil.av.tr\/en\/#\/schema\/person\/1355d05b627ee5b20e8066268a2da484","name":"Citil Attorney Partnership","sameAs":["https:\/\/citil.av.tr\/"]}]}},"jetpack_featured_media_url":"https:\/\/citil.av.tr\/wp-content\/uploads\/2022\/10\/Blokzincir-Fikri-Mulkiyetin-Korunmasinda-Nasil-Bir-Katki-Saglar-Berra-Ozturk.jpg","post_mailing_queue_ids":[],"_links":{"self":[{"href":"https:\/\/citil.av.tr\/en\/wp-json\/wp\/v2\/posts\/12797"}],"collection":[{"href":"https:\/\/citil.av.tr\/en\/wp-json\/wp\/v2\/posts"}],"about":[{"href":"https:\/\/citil.av.tr\/en\/wp-json\/wp\/v2\/types\/post"}],"author":[{"embeddable":true,"href":"https:\/\/citil.av.tr\/en\/wp-json\/wp\/v2\/users\/1"}],"replies":[{"embeddable":true,"href":"https:\/\/citil.av.tr\/en\/wp-json\/wp\/v2\/comments?post=12797"}],"version-history":[{"count":2,"href":"https:\/\/citil.av.tr\/en\/wp-json\/wp\/v2\/posts\/12797\/revisions"}],"predecessor-version":[{"id":12800,"href":"https:\/\/citil.av.tr\/en\/wp-json\/wp\/v2\/posts\/12797\/revisions\/12800"}],"wp:featuredmedia":[{"embeddable":true,"href":"https:\/\/citil.av.tr\/en\/wp-json\/wp\/v2\/media\/12799"}],"wp:attachment":[{"href":"https:\/\/citil.av.tr\/en\/wp-json\/wp\/v2\/media?parent=12797"}],"wp:term":[{"taxonomy":"category","embeddable":true,"href":"https:\/\/citil.av.tr\/en\/wp-json\/wp\/v2\/categories?post=12797"},{"taxonomy":"post_tag","embeddable":true,"href":"https:\/\/citil.av.tr\/en\/wp-json\/wp\/v2\/tags?post=12797"}],"curies":[{"name":"wp","href":"https:\/\/api.w.org\/{rel}","templated":true}]}}