{"id":12830,"date":"2022-10-03T14:00:05","date_gmt":"2022-10-03T11:00:05","guid":{"rendered":"https:\/\/citil.av.tr\/?p=12830"},"modified":"2022-10-03T14:03:49","modified_gmt":"2022-10-03T11:03:49","slug":"ticari-sirketlerin-birlesmesi","status":"publish","type":"post","link":"https:\/\/citil.av.tr\/en\/ticari-sirketlerin-birlesmesi\/","title":{"rendered":"Ticari \u015eirketlerin Birle\u015fmesi"},"content":{"rendered":"<p><b>Ticari ortakl\u0131\u011f\u0131n\u0131z\u0131n;<span class=\"Apple-converted-space\">\u00a0 <\/span>hayat\u0131n dinamiklerine , de\u011fi\u015fen \u015fartlara uyum sa\u011flamas\u0131<span class=\"Apple-converted-space\">\u00a0 <\/span>veya daha faydal\u0131 ve karl\u0131 f\u0131rsatlar yaratmas\u0131 i\u00e7in ortakl\u0131\u011f\u0131n menfaatlerine g\u00f6re hareket etmeniz gerekir. Bu f\u0131rsatlar\u0131 ortakl\u0131\u011f\u0131n\u0131z\u0131n belirli bir ticari \u015firket ile birle\u015fmesi veya hali haz\u0131rda bulunan \u015firketin b\u00f6l\u00fcnmesi yolu ile sa\u011flayabilisiniz.<\/b><\/p>\n<p>Birle\u015fme, iki veya daha fazla \u015firketin yeni kurulacak bir \u015firket b\u00fcnyesinde birle\u015fmesi yoluyla veya<span class=\"Apple-converted-space\">\u00a0 <\/span>devam eden bir ticari \u015firketin ba\u015fka bir ticari \u015firket taraf\u0131ndan devral\u0131nmas\u0131 sonucunda t\u00fcm malvarl\u0131\u011f\u0131 veya \u015firketin aktif (\u015firkete ait t\u00fcm varl\u0131klar ve haklar) ve pasifleriyle(\u015firketin \u00fcstlendi\u011fi bor\u00e7lar ve sorumluluklar) bir b\u00fct\u00fcn halinde devri \u015feklinde olur. Devralan \u015firket ve devrolunan \u015firket bir b\u00fct\u00fcn haline gelip birle\u015fme sonucunda tek \u015firket haline gelmektedir.<span class=\"Apple-converted-space\">\u00a0<\/span><\/p>\n<p>\u015eirketlerin birle\u015fmesi TTK\u2019da belirli \u015fartlara ba\u011flanm\u0131\u015ft\u0131r. Kanun koyucu birle\u015fme durumunda \u015firket alacakl\u0131lar\u0131n\u0131n korunmas\u0131na ve ma\u011fduriyet ya\u015famamalar\u0131na ili\u015fkin d\u00fczenlemeler yapm\u0131\u015ft\u0131r. Sermaye ortakl\u0131klar\u0131 ; sermaye ortakl\u0131klar\u0131yla , kooperatiflerle , devralan s\u0131fat\u0131 olmas\u0131 \u015fart\u0131 ile kollektif ve komandit ortakl\u0131klar ile birle\u015febilirken ,<\/p>\n<p>Ki\u015fi ortakl\u0131klar\u0131 ; ki\u015fi ortakl\u0131klar\u0131yla , devrolunan s\u0131fat\u0131 olmak \u015fart\u0131 ile sermaye ortakl\u0131klar\u0131 ile birle\u015febilir.<\/p>\n<p>Kooperatifler ; kooperatiflerle , sermaye ortakl\u0131klar\u0131yla ve devralan taraf olmas\u0131 \u015fart\u0131 ile<span class=\"Apple-converted-space\">\u00a0 <\/span>ki\u015fi ortakl\u0131klar\u0131 ile birle\u015febilmesine kanun koyucu izin vermektedir.<\/p>\n<p>Birle\u015fmeden \u00f6nce birle\u015fecek \u015firketler g\u00f6r\u00fc\u015fme ger\u00e7ekle\u015ftirmelidir. G\u00f6r\u00fc\u015fme neticesinde birle\u015fmenin esaslar\u0131 ve menfaatleri belirlenir. Belirlenen \u015fartlar neticesinde \u2018\u2019Birle\u015fme S\u00f6zle\u015fmesi\u2019\u2019 yap\u0131lmal\u0131d\u0131r. \u015eirketinizin menfaati i\u00e7in s\u00f6zle\u015fmenin profesyonel hukuk\u00e7ular taraf\u0131ndan haz\u0131rlanmas\u0131 \u00f6nerilir. Yaz\u0131l\u0131 yap\u0131lan s\u00f6zle\u015fme neticesinde birle\u015fme raporlar\u0131<span class=\"Apple-converted-space\">\u00a0 <\/span>\u015feffafl\u0131k \u00e7er\u00e7evesinde yetkili ki\u015filer taraf\u0131ndan haz\u0131rlan\u0131r. Genel kurullar\u0131n onay\u0131na sunulan raporlar onayland\u0131ktan sonra sicil i\u015flemleri ile birle\u015fme ger\u00e7ekle\u015fir.<span class=\"Apple-converted-space\">\u00a0<\/span><\/p>\n<p>B\u00f6l\u00fcnme, sermaye \u015firketlerinin malvarl\u0131\u011f\u0131n\u0131n ve sorumluluklar\u0131n\u0131n tasfiye s\u00fcrecine girmeksizin tamamen ya da k\u0131smen b\u00f6l\u00fcnmesi i\u015flemidir.<span class=\"Apple-converted-space\">\u00a0<\/span><\/p>\n<p>\u015eirketin t\u00fcm varl\u0131\u011f\u0131 k\u0131s\u0131mlara ayr\u0131l\u0131p di\u011fer \u015firketlere devrolunmas\u0131 , b\u00f6l\u00fcnen \u015firketin t\u00fcm malvarl\u0131klar\u0131 di\u011fer \u015firketlere k\u00fclli halefiyet ili\u015fkisi ile ge\u00e7i\u015finde <b>tam b\u00f6l\u00fcnmeden<\/b> s\u00f6z edebiliriz. Tam b\u00f6l\u00fcnen ve devrolunan \u015firket b\u00f6l\u00fcnme i\u015flemi sonucunda sona erer.<\/p>\n<p><b>K\u0131smi b\u00f6l\u00fcnmede<\/b> ise b\u00f6l\u00fcnen \u015firket t\u00fczel ki\u015fili\u011fini yitirmez. Malvarl\u0131klar\u0131n\u0131n bir k\u0131sm\u0131 di\u011fer \u015firketlere devrolur. K\u0131smi b\u00f6l\u00fcnen \u015firketin, devredilen oranda sermayesi azalmaktad\u0131r.<span class=\"Apple-converted-space\">\u00a0<\/span><\/p>\n<p>B\u00f6l\u00fcnmeden \u00f6nce b\u00f6l\u00fcnme s\u00f6zle\u015fmesi ( b\u00f6l\u00fcnme plan\u0131) haz\u0131rlanmal\u0131 ve genel kurul taraf\u0131ndan onaylanmal\u0131d\u0131r. Genel kurul taraf\u0131ndan finansal raporlar, bilan\u00e7olar b\u00f6l\u00fcnmeden \u00f6nce incelenir. Alacakl\u0131klar\u0131n haklar\u0131n\u0131n teminata al\u0131nmas\u0131yla genel kurul b\u00f6l\u00fcnme karar\u0131 alabilir.<span class=\"Apple-converted-space\">\u00a0<\/span><\/p>\n<p><b>\u015eirketinizin birle\u015fmesi veya b\u00f6l\u00fcnmesi sizin i\u00e7in yeni f\u0131rsatlar yaratabilir. \u00c7ok s\u0131k\u0131 \u015fekil \u015fartlar\u0131yla d\u00fczenlenmi\u015f bu i\u015flemler i\u00e7in donan\u0131ml\u0131 ve yetkin hukuk\u00e7ulardan yard\u0131m almal\u0131s\u0131n\u0131z.<\/b><\/p>\n<p><em><strong>Alper Bozkurt<\/strong><\/em><\/p>","protected":false},"excerpt":{"rendered":"<p>Ticari ortakl\u0131\u011f\u0131n\u0131z\u0131n;\u00a0 hayat\u0131n dinamiklerine , de\u011fi\u015fen \u015fartlara uyum sa\u011flamas\u0131\u00a0 veya daha faydal\u0131 ve karl\u0131 f\u0131rsatlar yaratmas\u0131 i\u00e7in ortakl\u0131\u011f\u0131n menfaatlerine g\u00f6re hareket etmeniz gerekir. Bu f\u0131rsatlar\u0131 ortakl\u0131\u011f\u0131n\u0131z\u0131n belirli bir ticari \u015firket ile birle\u015fmesi veya hali haz\u0131rda bulunan \u015firketin b\u00f6l\u00fcnmesi yolu ile sa\u011flayabilisiniz. Birle\u015fme, iki veya daha fazla \u015firketin yeni kurulacak bir \u015firket b\u00fcnyesinde birle\u015fmesi yoluyla veya\u00a0&#8230;<\/p>","protected":false},"author":1,"featured_media":12831,"comment_status":"closed","ping_status":"closed","sticky":false,"template":"","format":"standard","meta":[],"categories":[95],"tags":[],"yoast_head":"<!-- This site is optimized with the Yoast SEO plugin v21.1 - https:\/\/yoast.com\/wordpress\/plugins\/seo\/ -->\n<title>Ticari \u015eirketlerin Birle\u015fmesi - \u00c7itil Avukatl\u0131k Ortakl\u0131\u011f\u0131<\/title>\n<meta name=\"robots\" content=\"index, follow, max-snippet:-1, max-image-preview:large, max-video-preview:-1\" \/>\n<link rel=\"canonical\" href=\"https:\/\/citil.av.tr\/en\/ticari-sirketlerin-birlesmesi\/\" \/>\n<meta property=\"og:locale\" content=\"en_US\" \/>\n<meta property=\"og:type\" content=\"article\" \/>\n<meta property=\"og:title\" content=\"Ticari \u015eirketlerin Birle\u015fmesi - \u00c7itil Avukatl\u0131k Ortakl\u0131\u011f\u0131\" \/>\n<meta property=\"og:description\" content=\"Ticari ortakl\u0131\u011f\u0131n\u0131z\u0131n;\u00a0 hayat\u0131n dinamiklerine , de\u011fi\u015fen \u015fartlara uyum sa\u011flamas\u0131\u00a0 veya daha faydal\u0131 ve karl\u0131 f\u0131rsatlar yaratmas\u0131 i\u00e7in ortakl\u0131\u011f\u0131n menfaatlerine g\u00f6re hareket etmeniz gerekir. Bu f\u0131rsatlar\u0131 ortakl\u0131\u011f\u0131n\u0131z\u0131n belirli bir ticari \u015firket ile birle\u015fmesi veya hali haz\u0131rda bulunan \u015firketin b\u00f6l\u00fcnmesi yolu ile sa\u011flayabilisiniz. Birle\u015fme, iki veya daha fazla \u015firketin yeni kurulacak bir \u015firket b\u00fcnyesinde birle\u015fmesi yoluyla veya\u00a0...\" \/>\n<meta property=\"og:url\" content=\"https:\/\/citil.av.tr\/en\/ticari-sirketlerin-birlesmesi\/\" \/>\n<meta property=\"og:site_name\" content=\"\u00c7itil Avukatl\u0131k Ortakl\u0131\u011f\u0131\" \/>\n<meta property=\"article:publisher\" content=\"https:\/\/wwwfacebook.com\/citillaw\" \/>\n<meta property=\"article:published_time\" content=\"2022-10-03T11:00:05+00:00\" \/>\n<meta property=\"article:modified_time\" content=\"2022-10-03T11:03:49+00:00\" \/>\n<meta property=\"og:image\" content=\"https:\/\/citil.av.tr\/wp-content\/uploads\/2022\/10\/Ticari-Sirketlerin-Birlesmesi.jpg\" \/>\n\t<meta property=\"og:image:width\" content=\"1920\" \/>\n\t<meta property=\"og:image:height\" content=\"1080\" \/>\n\t<meta property=\"og:image:type\" content=\"image\/jpeg\" \/>\n<meta name=\"author\" content=\"\u00c7itil Avukatl\u0131k Ortakl\u0131\u011f\u0131\" \/>\n<meta name=\"twitter:card\" content=\"summary_large_image\" \/>\n<meta name=\"twitter:creator\" content=\"@citillaw\" \/>\n<meta name=\"twitter:site\" content=\"@citillaw\" \/>\n<meta name=\"twitter:label1\" content=\"Written by\" \/>\n\t<meta name=\"twitter:data1\" content=\"\u00c7itil Avukatl\u0131k Ortakl\u0131\u011f\u0131\" \/>\n\t<meta name=\"twitter:label2\" content=\"Est. reading time\" \/>\n\t<meta name=\"twitter:data2\" content=\"3 minutes\" \/>\n<script type=\"application\/ld+json\" class=\"yoast-schema-graph\">{\"@context\":\"https:\/\/schema.org\",\"@graph\":[{\"@type\":\"Article\",\"@id\":\"https:\/\/citil.av.tr\/ticari-sirketlerin-birlesmesi\/#article\",\"isPartOf\":{\"@id\":\"https:\/\/citil.av.tr\/ticari-sirketlerin-birlesmesi\/\"},\"author\":{\"name\":\"\u00c7itil Avukatl\u0131k Ortakl\u0131\u011f\u0131\",\"@id\":\"https:\/\/citil.av.tr\/en\/#\/schema\/person\/1355d05b627ee5b20e8066268a2da484\"},\"headline\":\"Ticari \u015eirketlerin Birle\u015fmesi\",\"datePublished\":\"2022-10-03T11:00:05+00:00\",\"dateModified\":\"2022-10-03T11:03:49+00:00\",\"mainEntityOfPage\":{\"@id\":\"https:\/\/citil.av.tr\/ticari-sirketlerin-birlesmesi\/\"},\"wordCount\":553,\"publisher\":{\"@id\":\"https:\/\/citil.av.tr\/en\/#organization\"},\"articleSection\":[\"Blog\"],\"inLanguage\":\"en-US\"},{\"@type\":\"WebPage\",\"@id\":\"https:\/\/citil.av.tr\/ticari-sirketlerin-birlesmesi\/\",\"url\":\"https:\/\/citil.av.tr\/ticari-sirketlerin-birlesmesi\/\",\"name\":\"Ticari \u015eirketlerin Birle\u015fmesi - \u00c7itil Avukatl\u0131k Ortakl\u0131\u011f\u0131\",\"isPartOf\":{\"@id\":\"https:\/\/citil.av.tr\/en\/#website\"},\"datePublished\":\"2022-10-03T11:00:05+00:00\",\"dateModified\":\"2022-10-03T11:03:49+00:00\",\"breadcrumb\":{\"@id\":\"https:\/\/citil.av.tr\/ticari-sirketlerin-birlesmesi\/#breadcrumb\"},\"inLanguage\":\"en-US\",\"potentialAction\":[{\"@type\":\"ReadAction\",\"target\":[\"https:\/\/citil.av.tr\/ticari-sirketlerin-birlesmesi\/\"]}]},{\"@type\":\"BreadcrumbList\",\"@id\":\"https:\/\/citil.av.tr\/ticari-sirketlerin-birlesmesi\/#breadcrumb\",\"itemListElement\":[{\"@type\":\"ListItem\",\"position\":1,\"name\":\"Anasayfa\",\"item\":\"https:\/\/citil.av.tr\/\"},{\"@type\":\"ListItem\",\"position\":2,\"name\":\"Ticari \u015eirketlerin Birle\u015fmesi\"}]},{\"@type\":\"WebSite\",\"@id\":\"https:\/\/citil.av.tr\/en\/#website\",\"url\":\"https:\/\/citil.av.tr\/en\/\",\"name\":\"\u00c7itil Avukatl\u0131k Ortakl\u0131\u011f\u0131\",\"description\":\"\u00c7itil Avukatl\u0131k Ortakl\u0131\u011f\u0131\",\"publisher\":{\"@id\":\"https:\/\/citil.av.tr\/en\/#organization\"},\"potentialAction\":[{\"@type\":\"SearchAction\",\"target\":{\"@type\":\"EntryPoint\",\"urlTemplate\":\"https:\/\/citil.av.tr\/en\/?s={search_term_string}\"},\"query-input\":\"required name=search_term_string\"}],\"inLanguage\":\"en-US\"},{\"@type\":\"Organization\",\"@id\":\"https:\/\/citil.av.tr\/en\/#organization\",\"name\":\"\u00c7itil Avukatl\u0131k Ortakl\u0131\u011f\u0131\",\"url\":\"https:\/\/citil.av.tr\/en\/\",\"logo\":{\"@type\":\"ImageObject\",\"inLanguage\":\"en-US\",\"@id\":\"https:\/\/citil.av.tr\/en\/#\/schema\/logo\/image\/\",\"url\":\"https:\/\/citil.av.tr\/wp-content\/uploads\/2020\/11\/citillaw.png\",\"contentUrl\":\"https:\/\/citil.av.tr\/wp-content\/uploads\/2020\/11\/citillaw.png\",\"width\":540,\"height\":118,\"caption\":\"\u00c7itil Avukatl\u0131k Ortakl\u0131\u011f\u0131\"},\"image\":{\"@id\":\"https:\/\/citil.av.tr\/en\/#\/schema\/logo\/image\/\"},\"sameAs\":[\"https:\/\/wwwfacebook.com\/citillaw\",\"https:\/\/twitter.com\/citillaw\",\"https:\/\/instagram.com\/citillaw\",\"https:\/\/www.linkedin.com\/company\/citillaw\/\",\"https:\/\/www.youtube.com\/channel\/UCnDUExMdk-zREsgxkg0GGTg\"]},{\"@type\":\"Person\",\"@id\":\"https:\/\/citil.av.tr\/en\/#\/schema\/person\/1355d05b627ee5b20e8066268a2da484\",\"name\":\"\u00c7itil Avukatl\u0131k Ortakl\u0131\u011f\u0131\",\"sameAs\":[\"https:\/\/citil.av.tr\/\"]}]}<\/script>\n<!-- \/ Yoast SEO plugin. -->","yoast_head_json":{"title":"Ticari \u015eirketlerin Birle\u015fmesi - \u00c7itil Avukatl\u0131k Ortakl\u0131\u011f\u0131","robots":{"index":"index","follow":"follow","max-snippet":"max-snippet:-1","max-image-preview":"max-image-preview:large","max-video-preview":"max-video-preview:-1"},"canonical":"https:\/\/citil.av.tr\/en\/ticari-sirketlerin-birlesmesi\/","og_locale":"en_US","og_type":"article","og_title":"Ticari \u015eirketlerin Birle\u015fmesi - \u00c7itil Avukatl\u0131k Ortakl\u0131\u011f\u0131","og_description":"Ticari ortakl\u0131\u011f\u0131n\u0131z\u0131n;\u00a0 hayat\u0131n dinamiklerine , de\u011fi\u015fen \u015fartlara uyum sa\u011flamas\u0131\u00a0 veya daha faydal\u0131 ve karl\u0131 f\u0131rsatlar yaratmas\u0131 i\u00e7in ortakl\u0131\u011f\u0131n menfaatlerine g\u00f6re hareket etmeniz gerekir. Bu f\u0131rsatlar\u0131 ortakl\u0131\u011f\u0131n\u0131z\u0131n belirli bir ticari \u015firket ile birle\u015fmesi veya hali haz\u0131rda bulunan \u015firketin b\u00f6l\u00fcnmesi yolu ile sa\u011flayabilisiniz. Birle\u015fme, iki veya daha fazla \u015firketin yeni kurulacak bir \u015firket b\u00fcnyesinde birle\u015fmesi yoluyla veya\u00a0...","og_url":"https:\/\/citil.av.tr\/en\/ticari-sirketlerin-birlesmesi\/","og_site_name":"\u00c7itil Avukatl\u0131k Ortakl\u0131\u011f\u0131","article_publisher":"https:\/\/wwwfacebook.com\/citillaw","article_published_time":"2022-10-03T11:00:05+00:00","article_modified_time":"2022-10-03T11:03:49+00:00","og_image":[{"width":1920,"height":1080,"url":"https:\/\/citil.av.tr\/wp-content\/uploads\/2022\/10\/Ticari-Sirketlerin-Birlesmesi.jpg","type":"image\/jpeg"}],"author":"\u00c7itil Avukatl\u0131k Ortakl\u0131\u011f\u0131","twitter_card":"summary_large_image","twitter_creator":"@citillaw","twitter_site":"@citillaw","twitter_misc":{"Written by":"\u00c7itil Avukatl\u0131k Ortakl\u0131\u011f\u0131","Est. reading time":"3 minutes"},"schema":{"@context":"https:\/\/schema.org","@graph":[{"@type":"Article","@id":"https:\/\/citil.av.tr\/ticari-sirketlerin-birlesmesi\/#article","isPartOf":{"@id":"https:\/\/citil.av.tr\/ticari-sirketlerin-birlesmesi\/"},"author":{"name":"\u00c7itil Avukatl\u0131k Ortakl\u0131\u011f\u0131","@id":"https:\/\/citil.av.tr\/en\/#\/schema\/person\/1355d05b627ee5b20e8066268a2da484"},"headline":"Ticari \u015eirketlerin Birle\u015fmesi","datePublished":"2022-10-03T11:00:05+00:00","dateModified":"2022-10-03T11:03:49+00:00","mainEntityOfPage":{"@id":"https:\/\/citil.av.tr\/ticari-sirketlerin-birlesmesi\/"},"wordCount":553,"publisher":{"@id":"https:\/\/citil.av.tr\/en\/#organization"},"articleSection":["Blog"],"inLanguage":"en-US"},{"@type":"WebPage","@id":"https:\/\/citil.av.tr\/ticari-sirketlerin-birlesmesi\/","url":"https:\/\/citil.av.tr\/ticari-sirketlerin-birlesmesi\/","name":"Ticari \u015eirketlerin Birle\u015fmesi - \u00c7itil Avukatl\u0131k Ortakl\u0131\u011f\u0131","isPartOf":{"@id":"https:\/\/citil.av.tr\/en\/#website"},"datePublished":"2022-10-03T11:00:05+00:00","dateModified":"2022-10-03T11:03:49+00:00","breadcrumb":{"@id":"https:\/\/citil.av.tr\/ticari-sirketlerin-birlesmesi\/#breadcrumb"},"inLanguage":"en-US","potentialAction":[{"@type":"ReadAction","target":["https:\/\/citil.av.tr\/ticari-sirketlerin-birlesmesi\/"]}]},{"@type":"BreadcrumbList","@id":"https:\/\/citil.av.tr\/ticari-sirketlerin-birlesmesi\/#breadcrumb","itemListElement":[{"@type":"ListItem","position":1,"name":"Anasayfa","item":"https:\/\/citil.av.tr\/"},{"@type":"ListItem","position":2,"name":"Ticari \u015eirketlerin Birle\u015fmesi"}]},{"@type":"WebSite","@id":"https:\/\/citil.av.tr\/en\/#website","url":"https:\/\/citil.av.tr\/en\/","name":"Citil Attorney Partnership","description":"Citil Attorney Partnership","publisher":{"@id":"https:\/\/citil.av.tr\/en\/#organization"},"potentialAction":[{"@type":"SearchAction","target":{"@type":"EntryPoint","urlTemplate":"https:\/\/citil.av.tr\/en\/?s={search_term_string}"},"query-input":"required name=search_term_string"}],"inLanguage":"en-US"},{"@type":"Organization","@id":"https:\/\/citil.av.tr\/en\/#organization","name":"Citil Attorney Partnership","url":"https:\/\/citil.av.tr\/en\/","logo":{"@type":"ImageObject","inLanguage":"en-US","@id":"https:\/\/citil.av.tr\/en\/#\/schema\/logo\/image\/","url":"https:\/\/citil.av.tr\/wp-content\/uploads\/2020\/11\/citillaw.png","contentUrl":"https:\/\/citil.av.tr\/wp-content\/uploads\/2020\/11\/citillaw.png","width":540,"height":118,"caption":"\u00c7itil Avukatl\u0131k Ortakl\u0131\u011f\u0131"},"image":{"@id":"https:\/\/citil.av.tr\/en\/#\/schema\/logo\/image\/"},"sameAs":["https:\/\/wwwfacebook.com\/citillaw","https:\/\/twitter.com\/citillaw","https:\/\/instagram.com\/citillaw","https:\/\/www.linkedin.com\/company\/citillaw\/","https:\/\/www.youtube.com\/channel\/UCnDUExMdk-zREsgxkg0GGTg"]},{"@type":"Person","@id":"https:\/\/citil.av.tr\/en\/#\/schema\/person\/1355d05b627ee5b20e8066268a2da484","name":"Citil Attorney Partnership","sameAs":["https:\/\/citil.av.tr\/"]}]}},"jetpack_featured_media_url":"https:\/\/citil.av.tr\/wp-content\/uploads\/2022\/10\/Ticari-Sirketlerin-Birlesmesi.jpg","post_mailing_queue_ids":[],"_links":{"self":[{"href":"https:\/\/citil.av.tr\/en\/wp-json\/wp\/v2\/posts\/12830"}],"collection":[{"href":"https:\/\/citil.av.tr\/en\/wp-json\/wp\/v2\/posts"}],"about":[{"href":"https:\/\/citil.av.tr\/en\/wp-json\/wp\/v2\/types\/post"}],"author":[{"embeddable":true,"href":"https:\/\/citil.av.tr\/en\/wp-json\/wp\/v2\/users\/1"}],"replies":[{"embeddable":true,"href":"https:\/\/citil.av.tr\/en\/wp-json\/wp\/v2\/comments?post=12830"}],"version-history":[{"count":2,"href":"https:\/\/citil.av.tr\/en\/wp-json\/wp\/v2\/posts\/12830\/revisions"}],"predecessor-version":[{"id":12833,"href":"https:\/\/citil.av.tr\/en\/wp-json\/wp\/v2\/posts\/12830\/revisions\/12833"}],"wp:featuredmedia":[{"embeddable":true,"href":"https:\/\/citil.av.tr\/en\/wp-json\/wp\/v2\/media\/12831"}],"wp:attachment":[{"href":"https:\/\/citil.av.tr\/en\/wp-json\/wp\/v2\/media?parent=12830"}],"wp:term":[{"taxonomy":"category","embeddable":true,"href":"https:\/\/citil.av.tr\/en\/wp-json\/wp\/v2\/categories?post=12830"},{"taxonomy":"post_tag","embeddable":true,"href":"https:\/\/citil.av.tr\/en\/wp-json\/wp\/v2\/tags?post=12830"}],"curies":[{"name":"wp","href":"https:\/\/api.w.org\/{rel}","templated":true}]}}