{"id":12870,"date":"2022-10-05T14:32:21","date_gmt":"2022-10-05T11:32:21","guid":{"rendered":"https:\/\/citil.av.tr\/?p=12870"},"modified":"2022-10-05T14:44:25","modified_gmt":"2022-10-05T11:44:25","slug":"izinsiz-alinan-ses-goruntu-ve-video-kaydi-delil-olarak-kullanilamaz","status":"publish","type":"post","link":"https:\/\/citil.av.tr\/en\/izinsiz-alinan-ses-goruntu-ve-video-kaydi-delil-olarak-kullanilamaz\/","title":{"rendered":"\u0130zinsiz Al\u0131nan Ses, G\u00f6r\u00fcnt\u00fc ve Video Kayd\u0131 Delil Olarak Kullan\u0131lamaz"},"content":{"rendered":"<p><b>Bir\u00e7ok insan, \u00f6zel hukuk davalar\u0131nda delil olarak kullanmak \u00fczere mahkemeye \u201cbelge delili\u201d sunmaktad\u0131r. Belge delili dedi\u011fimiz kavram her t\u00fcrl\u00fc ses, g\u00f6r\u00fcnt\u00fc ve videoyu kapsar. Kural olarak hukuka ayk\u0131r\u0131 yollarla elde edilmi\u015fse bu deliller, hakim taraf\u0131ndan reddedilir.\u00a0<\/b><\/p>\n<p>\u00d6zel hukuk uyu\u015fmazl\u0131klar\u0131 ba\u015fta olmak \u00fczere bir\u00e7ok davada belge delilleri bir olay veya bir durumun ispat\u0131 a\u00e7\u0131s\u0131ndan dikkate al\u0131narak de\u011ferlendirilir. G\u00fcnl\u00fck hayat\u0131m\u0131zda s\u0131kl\u0131kla kar\u015f\u0131la\u015ft\u0131\u011f\u0131m\u0131z, filmlerde dahi kar\u015f\u0131m\u0131za \u00e7\u0131kmakta olan bir durum olarak bo\u015fanma davalar\u0131n\u0131 \u00f6rnek g\u00f6sterebiliriz. \u0130stisnalar olmakla birlikte bo\u015fanma davalar\u0131nda hukuka ayk\u0131r\u0131 yollarla elde edilen ses, g\u00f6r\u00fcnt\u00fc ve video kay\u0131tlar\u0131 delil olarak de\u011ferlendirilmez.<\/p>\n<p>Mahkemelere sunulan delillerin usul\u00fcne uygun ve kanuni yollarla elde edilmi\u015f olmas\u0131 gerekir. Kanuna ayk\u0131r\u0131 olarak elde edilen g\u00f6r\u00fcnt\u00fc, ses kayd\u0131 ve videonun mahkemelerce dikkate al\u0131nmamas\u0131n\u0131n yan\u0131nda T\u00fcrk Ceza Kanunu\u2019na g\u00f6re \u201c\u00d6zel Hayata ve Hayat\u0131n Gizli Alan\u0131na Kar\u015f\u0131 Su\u00e7lar\u201d kapsam\u0131nda su\u00e7 te\u015fkil edebilir.<\/p>\n<h3><b>\u201cBelge Delili\u201d Nas\u0131l Hukuka Uygun Olur?<\/b><\/h3>\n<p>Kar\u015f\u0131 taraf\u0131n r\u0131zas\u0131 dahilinde al\u0131nan ses, g\u00f6r\u00fcnt\u00fc ve video kayd\u0131 hukuka ayk\u0131r\u0131l\u0131k te\u015fkil etmez. Hukukun \u00f6ng\u00f6rd\u00fc\u011f\u00fc bi\u00e7imde, r\u0131za dahilinde ve kanuni yollarla elde edilmi\u015f olan bu deliller mahkemece de\u011ferlendirilir ve olaylar\u0131n ispat\u0131 bak\u0131m\u0131ndan delil olarak kullan\u0131labilir.<\/p>\n<h3><b>\u0130stisnalar Nelerdir?<\/b><\/h3>\n<p>Delil elde etmek \u00fczere ses, g\u00f6r\u00fcnt\u00fc veya video kayd\u0131 alan ki\u015finin kendisi veya yak\u0131nlar\u0131 cinsel taciz, cinsel sald\u0131r\u0131, hakaret, tehdit, iftira veya \u015fantaj gibi insan onurunu zedeleyen bir su\u00e7a maruz kalm\u0131\u015fsa haks\u0131z sald\u0131r\u0131y\u0131 \u00f6nlemek amac\u0131yla kay\u0131t yap\u0131yor olmal\u0131d\u0131r. Ki\u015finin kendisine veya yak\u0131nlar\u0131na kar\u015f\u0131 ger\u00e7ekle\u015fen bu haks\u0131z sald\u0131r\u0131 ani geli\u015fen bir olay \u015feklinde meydana gelmelidir. S\u0131rf mahkemede kullan\u0131lmak \u00fczere delil olu\u015fturmak amac\u0131yla sistematik bir \u015fekilde yap\u0131lan kay\u0131t hukuka uygun kabul edilmez.<\/p>\n<p>Haks\u0131z sald\u0131r\u0131ya maruz kalan ki\u015finin olay cereyan ederken kolluk g\u00fc\u00e7lerine ba\u015fvurma, yard\u0131m isteme imkan\u0131na sahip olmamas\u0131 gerekir. E\u011fer ki\u015fi kolluk g\u00fc\u00e7lerine ba\u015fvurabilecek durumdaysa yap\u0131lan kay\u0131t hukuka ayk\u0131r\u0131l\u0131k te\u015fkil eder.<\/p>\n<p>E\u011fer ki\u015fi o anda kay\u0131t alt\u0131na almazsa bir daha o delile ula\u015famayaca\u011f\u0131 bir durumdaysa, al\u0131nan kay\u0131t hukuka uygun kabul edilebilir.<\/p>\n<p>E\u015flerin \u00f6zel hayat\u0131n\u0131 \u00e7ok fazla ihlal etmeyen, kayda al\u0131nmas\u0131 b\u00fcy\u00fck bir zarara sebebiyet vermeyecek olan ses, g\u00f6r\u00fcnt\u00fc veya video kay\u0131tlar\u0131 bo\u015fanma davalar\u0131nda istisnai olarak delil olarak de\u011ferlendirilebilir.<\/p>\n<p><b>\u00c7itil Avukatl\u0131k Ortakl\u0131\u011f\u0131 Blog Sayfas\u0131nda yer alan hukuk ve di\u011fer konulardaki yaz\u0131lar ilk sizin e-postan\u0131za gelsin isterseniz \u00c7itil Haber B\u00fclteni\u2019ne abone olun!\u00a0<\/b><\/p>\n<p><em><strong>\u0130nci Sena Gereklio\u011flu<\/strong><\/em><\/p>","protected":false},"excerpt":{"rendered":"<p>Bir\u00e7ok insan, \u00f6zel hukuk davalar\u0131nda delil olarak kullanmak \u00fczere mahkemeye \u201cbelge delili\u201d sunmaktad\u0131r. Belge delili dedi\u011fimiz kavram her t\u00fcrl\u00fc ses, g\u00f6r\u00fcnt\u00fc ve videoyu kapsar. Kural olarak hukuka ayk\u0131r\u0131 yollarla elde edilmi\u015fse bu deliller, hakim taraf\u0131ndan reddedilir.\u00a0 \u00d6zel hukuk uyu\u015fmazl\u0131klar\u0131 ba\u015fta olmak \u00fczere bir\u00e7ok davada belge delilleri bir olay veya bir durumun ispat\u0131 a\u00e7\u0131s\u0131ndan dikkate al\u0131narak&#8230;<\/p>","protected":false},"author":1,"featured_media":12871,"comment_status":"closed","ping_status":"closed","sticky":false,"template":"","format":"standard","meta":[],"categories":[95],"tags":[],"yoast_head":"<!-- This site is optimized with the Yoast SEO plugin v21.1 - https:\/\/yoast.com\/wordpress\/plugins\/seo\/ -->\n<title>\u0130zinsiz Al\u0131nan Ses, G\u00f6r\u00fcnt\u00fc ve Video Kayd\u0131 Delil Olarak Kullan\u0131lamaz - \u00c7itil Avukatl\u0131k Ortakl\u0131\u011f\u0131<\/title>\n<meta name=\"robots\" content=\"index, follow, max-snippet:-1, max-image-preview:large, max-video-preview:-1\" \/>\n<link rel=\"canonical\" href=\"https:\/\/citil.av.tr\/en\/izinsiz-alinan-ses-goruntu-ve-video-kaydi-delil-olarak-kullanilamaz\/\" \/>\n<meta property=\"og:locale\" content=\"en_US\" \/>\n<meta property=\"og:type\" content=\"article\" \/>\n<meta property=\"og:title\" content=\"\u0130zinsiz Al\u0131nan Ses, G\u00f6r\u00fcnt\u00fc ve Video Kayd\u0131 Delil Olarak Kullan\u0131lamaz - \u00c7itil Avukatl\u0131k Ortakl\u0131\u011f\u0131\" \/>\n<meta property=\"og:description\" content=\"Bir\u00e7ok insan, \u00f6zel hukuk davalar\u0131nda delil olarak kullanmak \u00fczere mahkemeye \u201cbelge delili\u201d sunmaktad\u0131r. Belge delili dedi\u011fimiz kavram her t\u00fcrl\u00fc ses, g\u00f6r\u00fcnt\u00fc ve videoyu kapsar. Kural olarak hukuka ayk\u0131r\u0131 yollarla elde edilmi\u015fse bu deliller, hakim taraf\u0131ndan reddedilir.\u00a0 \u00d6zel hukuk uyu\u015fmazl\u0131klar\u0131 ba\u015fta olmak \u00fczere bir\u00e7ok davada belge delilleri bir olay veya bir durumun ispat\u0131 a\u00e7\u0131s\u0131ndan dikkate al\u0131narak...\" \/>\n<meta property=\"og:url\" content=\"https:\/\/citil.av.tr\/en\/izinsiz-alinan-ses-goruntu-ve-video-kaydi-delil-olarak-kullanilamaz\/\" \/>\n<meta property=\"og:site_name\" content=\"\u00c7itil Avukatl\u0131k Ortakl\u0131\u011f\u0131\" \/>\n<meta property=\"article:publisher\" content=\"https:\/\/wwwfacebook.com\/citillaw\" \/>\n<meta property=\"article:published_time\" content=\"2022-10-05T11:32:21+00:00\" \/>\n<meta property=\"article:modified_time\" content=\"2022-10-05T11:44:25+00:00\" \/>\n<meta property=\"og:image\" content=\"https:\/\/citil.av.tr\/wp-content\/uploads\/2022\/10\/Izinsiz-Alinan-Ses-Goruntu-ve-Video-Kaydi.jpg\" \/>\n\t<meta property=\"og:image:width\" content=\"1920\" \/>\n\t<meta property=\"og:image:height\" content=\"1080\" \/>\n\t<meta property=\"og:image:type\" content=\"image\/jpeg\" \/>\n<meta name=\"author\" content=\"\u00c7itil Avukatl\u0131k Ortakl\u0131\u011f\u0131\" \/>\n<meta name=\"twitter:card\" content=\"summary_large_image\" \/>\n<meta name=\"twitter:creator\" content=\"@citillaw\" \/>\n<meta name=\"twitter:site\" content=\"@citillaw\" \/>\n<meta name=\"twitter:label1\" content=\"Written by\" \/>\n\t<meta name=\"twitter:data1\" content=\"\u00c7itil Avukatl\u0131k Ortakl\u0131\u011f\u0131\" \/>\n\t<meta name=\"twitter:label2\" content=\"Est. reading time\" \/>\n\t<meta name=\"twitter:data2\" content=\"3 minutes\" \/>\n<script type=\"application\/ld+json\" class=\"yoast-schema-graph\">{\"@context\":\"https:\/\/schema.org\",\"@graph\":[{\"@type\":\"Article\",\"@id\":\"https:\/\/citil.av.tr\/izinsiz-alinan-ses-goruntu-ve-video-kaydi-delil-olarak-kullanilamaz\/#article\",\"isPartOf\":{\"@id\":\"https:\/\/citil.av.tr\/izinsiz-alinan-ses-goruntu-ve-video-kaydi-delil-olarak-kullanilamaz\/\"},\"author\":{\"name\":\"\u00c7itil Avukatl\u0131k Ortakl\u0131\u011f\u0131\",\"@id\":\"https:\/\/citil.av.tr\/en\/#\/schema\/person\/1355d05b627ee5b20e8066268a2da484\"},\"headline\":\"\u0130zinsiz Al\u0131nan Ses, G\u00f6r\u00fcnt\u00fc ve Video Kayd\u0131 Delil Olarak Kullan\u0131lamaz\",\"datePublished\":\"2022-10-05T11:32:21+00:00\",\"dateModified\":\"2022-10-05T11:44:25+00:00\",\"mainEntityOfPage\":{\"@id\":\"https:\/\/citil.av.tr\/izinsiz-alinan-ses-goruntu-ve-video-kaydi-delil-olarak-kullanilamaz\/\"},\"wordCount\":508,\"publisher\":{\"@id\":\"https:\/\/citil.av.tr\/en\/#organization\"},\"articleSection\":[\"Blog\"],\"inLanguage\":\"en-US\"},{\"@type\":\"WebPage\",\"@id\":\"https:\/\/citil.av.tr\/izinsiz-alinan-ses-goruntu-ve-video-kaydi-delil-olarak-kullanilamaz\/\",\"url\":\"https:\/\/citil.av.tr\/izinsiz-alinan-ses-goruntu-ve-video-kaydi-delil-olarak-kullanilamaz\/\",\"name\":\"\u0130zinsiz Al\u0131nan Ses, G\u00f6r\u00fcnt\u00fc ve Video Kayd\u0131 Delil Olarak Kullan\u0131lamaz - \u00c7itil Avukatl\u0131k Ortakl\u0131\u011f\u0131\",\"isPartOf\":{\"@id\":\"https:\/\/citil.av.tr\/en\/#website\"},\"datePublished\":\"2022-10-05T11:32:21+00:00\",\"dateModified\":\"2022-10-05T11:44:25+00:00\",\"breadcrumb\":{\"@id\":\"https:\/\/citil.av.tr\/izinsiz-alinan-ses-goruntu-ve-video-kaydi-delil-olarak-kullanilamaz\/#breadcrumb\"},\"inLanguage\":\"en-US\",\"potentialAction\":[{\"@type\":\"ReadAction\",\"target\":[\"https:\/\/citil.av.tr\/izinsiz-alinan-ses-goruntu-ve-video-kaydi-delil-olarak-kullanilamaz\/\"]}]},{\"@type\":\"BreadcrumbList\",\"@id\":\"https:\/\/citil.av.tr\/izinsiz-alinan-ses-goruntu-ve-video-kaydi-delil-olarak-kullanilamaz\/#breadcrumb\",\"itemListElement\":[{\"@type\":\"ListItem\",\"position\":1,\"name\":\"Anasayfa\",\"item\":\"https:\/\/citil.av.tr\/\"},{\"@type\":\"ListItem\",\"position\":2,\"name\":\"\u0130zinsiz Al\u0131nan Ses, G\u00f6r\u00fcnt\u00fc ve Video Kayd\u0131 Delil Olarak Kullan\u0131lamaz\"}]},{\"@type\":\"WebSite\",\"@id\":\"https:\/\/citil.av.tr\/en\/#website\",\"url\":\"https:\/\/citil.av.tr\/en\/\",\"name\":\"\u00c7itil Avukatl\u0131k Ortakl\u0131\u011f\u0131\",\"description\":\"\u00c7itil Avukatl\u0131k Ortakl\u0131\u011f\u0131\",\"publisher\":{\"@id\":\"https:\/\/citil.av.tr\/en\/#organization\"},\"potentialAction\":[{\"@type\":\"SearchAction\",\"target\":{\"@type\":\"EntryPoint\",\"urlTemplate\":\"https:\/\/citil.av.tr\/en\/?s={search_term_string}\"},\"query-input\":\"required name=search_term_string\"}],\"inLanguage\":\"en-US\"},{\"@type\":\"Organization\",\"@id\":\"https:\/\/citil.av.tr\/en\/#organization\",\"name\":\"\u00c7itil Avukatl\u0131k Ortakl\u0131\u011f\u0131\",\"url\":\"https:\/\/citil.av.tr\/en\/\",\"logo\":{\"@type\":\"ImageObject\",\"inLanguage\":\"en-US\",\"@id\":\"https:\/\/citil.av.tr\/en\/#\/schema\/logo\/image\/\",\"url\":\"https:\/\/citil.av.tr\/wp-content\/uploads\/2020\/11\/citillaw.png\",\"contentUrl\":\"https:\/\/citil.av.tr\/wp-content\/uploads\/2020\/11\/citillaw.png\",\"width\":540,\"height\":118,\"caption\":\"\u00c7itil Avukatl\u0131k Ortakl\u0131\u011f\u0131\"},\"image\":{\"@id\":\"https:\/\/citil.av.tr\/en\/#\/schema\/logo\/image\/\"},\"sameAs\":[\"https:\/\/wwwfacebook.com\/citillaw\",\"https:\/\/twitter.com\/citillaw\",\"https:\/\/instagram.com\/citillaw\",\"https:\/\/www.linkedin.com\/company\/citillaw\/\",\"https:\/\/www.youtube.com\/channel\/UCnDUExMdk-zREsgxkg0GGTg\"]},{\"@type\":\"Person\",\"@id\":\"https:\/\/citil.av.tr\/en\/#\/schema\/person\/1355d05b627ee5b20e8066268a2da484\",\"name\":\"\u00c7itil Avukatl\u0131k Ortakl\u0131\u011f\u0131\",\"sameAs\":[\"https:\/\/citil.av.tr\/\"]}]}<\/script>\n<!-- \/ Yoast SEO plugin. -->","yoast_head_json":{"title":"\u0130zinsiz Al\u0131nan Ses, G\u00f6r\u00fcnt\u00fc ve Video Kayd\u0131 Delil Olarak Kullan\u0131lamaz - \u00c7itil Avukatl\u0131k Ortakl\u0131\u011f\u0131","robots":{"index":"index","follow":"follow","max-snippet":"max-snippet:-1","max-image-preview":"max-image-preview:large","max-video-preview":"max-video-preview:-1"},"canonical":"https:\/\/citil.av.tr\/en\/izinsiz-alinan-ses-goruntu-ve-video-kaydi-delil-olarak-kullanilamaz\/","og_locale":"en_US","og_type":"article","og_title":"\u0130zinsiz Al\u0131nan Ses, G\u00f6r\u00fcnt\u00fc ve Video Kayd\u0131 Delil Olarak Kullan\u0131lamaz - \u00c7itil Avukatl\u0131k Ortakl\u0131\u011f\u0131","og_description":"Bir\u00e7ok insan, \u00f6zel hukuk davalar\u0131nda delil olarak kullanmak \u00fczere mahkemeye \u201cbelge delili\u201d sunmaktad\u0131r. Belge delili dedi\u011fimiz kavram her t\u00fcrl\u00fc ses, g\u00f6r\u00fcnt\u00fc ve videoyu kapsar. Kural olarak hukuka ayk\u0131r\u0131 yollarla elde edilmi\u015fse bu deliller, hakim taraf\u0131ndan reddedilir.\u00a0 \u00d6zel hukuk uyu\u015fmazl\u0131klar\u0131 ba\u015fta olmak \u00fczere bir\u00e7ok davada belge delilleri bir olay veya bir durumun ispat\u0131 a\u00e7\u0131s\u0131ndan dikkate al\u0131narak...","og_url":"https:\/\/citil.av.tr\/en\/izinsiz-alinan-ses-goruntu-ve-video-kaydi-delil-olarak-kullanilamaz\/","og_site_name":"\u00c7itil Avukatl\u0131k Ortakl\u0131\u011f\u0131","article_publisher":"https:\/\/wwwfacebook.com\/citillaw","article_published_time":"2022-10-05T11:32:21+00:00","article_modified_time":"2022-10-05T11:44:25+00:00","og_image":[{"width":1920,"height":1080,"url":"https:\/\/citil.av.tr\/wp-content\/uploads\/2022\/10\/Izinsiz-Alinan-Ses-Goruntu-ve-Video-Kaydi.jpg","type":"image\/jpeg"}],"author":"\u00c7itil Avukatl\u0131k Ortakl\u0131\u011f\u0131","twitter_card":"summary_large_image","twitter_creator":"@citillaw","twitter_site":"@citillaw","twitter_misc":{"Written by":"\u00c7itil Avukatl\u0131k Ortakl\u0131\u011f\u0131","Est. reading time":"3 minutes"},"schema":{"@context":"https:\/\/schema.org","@graph":[{"@type":"Article","@id":"https:\/\/citil.av.tr\/izinsiz-alinan-ses-goruntu-ve-video-kaydi-delil-olarak-kullanilamaz\/#article","isPartOf":{"@id":"https:\/\/citil.av.tr\/izinsiz-alinan-ses-goruntu-ve-video-kaydi-delil-olarak-kullanilamaz\/"},"author":{"name":"\u00c7itil Avukatl\u0131k Ortakl\u0131\u011f\u0131","@id":"https:\/\/citil.av.tr\/en\/#\/schema\/person\/1355d05b627ee5b20e8066268a2da484"},"headline":"\u0130zinsiz Al\u0131nan Ses, G\u00f6r\u00fcnt\u00fc ve Video Kayd\u0131 Delil Olarak Kullan\u0131lamaz","datePublished":"2022-10-05T11:32:21+00:00","dateModified":"2022-10-05T11:44:25+00:00","mainEntityOfPage":{"@id":"https:\/\/citil.av.tr\/izinsiz-alinan-ses-goruntu-ve-video-kaydi-delil-olarak-kullanilamaz\/"},"wordCount":508,"publisher":{"@id":"https:\/\/citil.av.tr\/en\/#organization"},"articleSection":["Blog"],"inLanguage":"en-US"},{"@type":"WebPage","@id":"https:\/\/citil.av.tr\/izinsiz-alinan-ses-goruntu-ve-video-kaydi-delil-olarak-kullanilamaz\/","url":"https:\/\/citil.av.tr\/izinsiz-alinan-ses-goruntu-ve-video-kaydi-delil-olarak-kullanilamaz\/","name":"\u0130zinsiz Al\u0131nan Ses, G\u00f6r\u00fcnt\u00fc ve Video Kayd\u0131 Delil Olarak Kullan\u0131lamaz - \u00c7itil Avukatl\u0131k Ortakl\u0131\u011f\u0131","isPartOf":{"@id":"https:\/\/citil.av.tr\/en\/#website"},"datePublished":"2022-10-05T11:32:21+00:00","dateModified":"2022-10-05T11:44:25+00:00","breadcrumb":{"@id":"https:\/\/citil.av.tr\/izinsiz-alinan-ses-goruntu-ve-video-kaydi-delil-olarak-kullanilamaz\/#breadcrumb"},"inLanguage":"en-US","potentialAction":[{"@type":"ReadAction","target":["https:\/\/citil.av.tr\/izinsiz-alinan-ses-goruntu-ve-video-kaydi-delil-olarak-kullanilamaz\/"]}]},{"@type":"BreadcrumbList","@id":"https:\/\/citil.av.tr\/izinsiz-alinan-ses-goruntu-ve-video-kaydi-delil-olarak-kullanilamaz\/#breadcrumb","itemListElement":[{"@type":"ListItem","position":1,"name":"Anasayfa","item":"https:\/\/citil.av.tr\/"},{"@type":"ListItem","position":2,"name":"\u0130zinsiz Al\u0131nan Ses, G\u00f6r\u00fcnt\u00fc ve Video Kayd\u0131 Delil Olarak Kullan\u0131lamaz"}]},{"@type":"WebSite","@id":"https:\/\/citil.av.tr\/en\/#website","url":"https:\/\/citil.av.tr\/en\/","name":"Citil Attorney Partnership","description":"Citil Attorney Partnership","publisher":{"@id":"https:\/\/citil.av.tr\/en\/#organization"},"potentialAction":[{"@type":"SearchAction","target":{"@type":"EntryPoint","urlTemplate":"https:\/\/citil.av.tr\/en\/?s={search_term_string}"},"query-input":"required name=search_term_string"}],"inLanguage":"en-US"},{"@type":"Organization","@id":"https:\/\/citil.av.tr\/en\/#organization","name":"Citil Attorney Partnership","url":"https:\/\/citil.av.tr\/en\/","logo":{"@type":"ImageObject","inLanguage":"en-US","@id":"https:\/\/citil.av.tr\/en\/#\/schema\/logo\/image\/","url":"https:\/\/citil.av.tr\/wp-content\/uploads\/2020\/11\/citillaw.png","contentUrl":"https:\/\/citil.av.tr\/wp-content\/uploads\/2020\/11\/citillaw.png","width":540,"height":118,"caption":"\u00c7itil Avukatl\u0131k Ortakl\u0131\u011f\u0131"},"image":{"@id":"https:\/\/citil.av.tr\/en\/#\/schema\/logo\/image\/"},"sameAs":["https:\/\/wwwfacebook.com\/citillaw","https:\/\/twitter.com\/citillaw","https:\/\/instagram.com\/citillaw","https:\/\/www.linkedin.com\/company\/citillaw\/","https:\/\/www.youtube.com\/channel\/UCnDUExMdk-zREsgxkg0GGTg"]},{"@type":"Person","@id":"https:\/\/citil.av.tr\/en\/#\/schema\/person\/1355d05b627ee5b20e8066268a2da484","name":"Citil Attorney Partnership","sameAs":["https:\/\/citil.av.tr\/"]}]}},"jetpack_featured_media_url":"https:\/\/citil.av.tr\/wp-content\/uploads\/2022\/10\/Izinsiz-Alinan-Ses-Goruntu-ve-Video-Kaydi.jpg","post_mailing_queue_ids":[],"_links":{"self":[{"href":"https:\/\/citil.av.tr\/en\/wp-json\/wp\/v2\/posts\/12870"}],"collection":[{"href":"https:\/\/citil.av.tr\/en\/wp-json\/wp\/v2\/posts"}],"about":[{"href":"https:\/\/citil.av.tr\/en\/wp-json\/wp\/v2\/types\/post"}],"author":[{"embeddable":true,"href":"https:\/\/citil.av.tr\/en\/wp-json\/wp\/v2\/users\/1"}],"replies":[{"embeddable":true,"href":"https:\/\/citil.av.tr\/en\/wp-json\/wp\/v2\/comments?post=12870"}],"version-history":[{"count":1,"href":"https:\/\/citil.av.tr\/en\/wp-json\/wp\/v2\/posts\/12870\/revisions"}],"predecessor-version":[{"id":12872,"href":"https:\/\/citil.av.tr\/en\/wp-json\/wp\/v2\/posts\/12870\/revisions\/12872"}],"wp:featuredmedia":[{"embeddable":true,"href":"https:\/\/citil.av.tr\/en\/wp-json\/wp\/v2\/media\/12871"}],"wp:attachment":[{"href":"https:\/\/citil.av.tr\/en\/wp-json\/wp\/v2\/media?parent=12870"}],"wp:term":[{"taxonomy":"category","embeddable":true,"href":"https:\/\/citil.av.tr\/en\/wp-json\/wp\/v2\/categories?post=12870"},{"taxonomy":"post_tag","embeddable":true,"href":"https:\/\/citil.av.tr\/en\/wp-json\/wp\/v2\/tags?post=12870"}],"curies":[{"name":"wp","href":"https:\/\/api.w.org\/{rel}","templated":true}]}}