{"id":13290,"date":"2022-12-01T23:29:34","date_gmt":"2022-12-01T20:29:34","guid":{"rendered":"https:\/\/citil.av.tr\/?p=13290"},"modified":"2023-01-02T22:46:29","modified_gmt":"2023-01-02T19:46:29","slug":"sosyal-medyada-hakaret-sucu","status":"publish","type":"post","link":"https:\/\/citil.av.tr\/en\/sosyal-medyada-hakaret-sucu\/","title":{"rendered":"Sosyal Medyada Hakaret Su\u00e7u"},"content":{"rendered":"<p><strong>G\u00fcn\u00fcm\u00fczde sosyal medya kullan\u0131m\u0131n\u0131n artmas\u0131yla bu alanda en s\u0131k i\u015flenen su\u00e7 hakaret su\u00e7u olmu\u015ftur. Ki\u015filerin sosyal medyadaki ifadelerinin hakaret su\u00e7unu mu olu\u015fturdu\u011fu yoksa A\u0130HS (Avrupa \u0130nsan Haklar\u0131 S\u00f6zle\u015fmesi) 10.maddesindek ifade \u00f6zg\u00fcrl\u00fc\u011f\u00fc \u00e7er\u00e7evesinde mi de\u011ferlendirilmesi gerekti\u011fi hukukun ilgi alan\u0131na girer.<\/strong><\/p>\n<p>TCK (T\u00fcrk Ceza Kanunu), \u015ferefe kar\u015f\u0131 su\u00e7lar ba\u015fl\u0131\u011f\u0131 alt\u0131nda 125-131.maddeleri aras\u0131nda hakaret su\u00e7unu d\u00fczenlemi\u015f ve baz\u0131 \u00f6zel durumlara g\u00f6re cezan\u0131n alt s\u0131n\u0131r\u0131n\u0131 art\u0131rm\u0131\u015ft\u0131r. Konumuz olan sosyal medyada hakaret su\u00e7u aleni oldu\u011fu i\u00e7in ceza 1\/6 oran\u0131nda art\u0131r\u0131l\u0131r.<\/p>\n<p>\u015eah\u0131slara kar\u015f\u0131 yap\u0131lan a\u011f\u0131r ele\u015ftiri veya rahats\u0131z edici her t\u00fcrl\u00fc s\u00f6zlerin mutlaka hakaret su\u00e7unu olu\u015fturmas\u0131 beklenmemelidir. Burada ki\u015finin s\u00f6yledi\u011fi s\u00f6zlerin a\u00e7\u0131k\u00e7a onur, \u015feref ve sayg\u0131nl\u0131\u011f\u0131 azaltacak, muhatab\u0131 g\u00fccendirecek vas\u0131fta olmas\u0131 gerekir. Hakaret su\u00e7u TCK 125.maddesinde tan\u0131mlanm\u0131\u015ft\u0131r. Bu maddeye g\u00f6re; \u2018\u2018Bir kimseye onur, \u015feref ve sayg\u0131nl\u0131\u011f\u0131n\u0131 rencide edebilecek nitelikte somut bir fiil veya olgu isnat eden veya s\u00f6vmek suretiyle bir kimsenin onur, \u015feref ve sayg\u0131nl\u0131\u011f\u0131na sald\u0131ran ki\u015fi, 3 aydan 2 y\u0131la kadar hapis veya adli para cezas\u0131 ile cezaland\u0131r\u0131l\u0131r.\u2019\u2019 \u0130fadesi ile hakaret su\u00e7u ve yapt\u0131r\u0131m\u0131 belirtilmi\u015ftir Ayn\u0131 maddede hakaret su\u00e7unun kamu g\u00f6revlisine kar\u015f\u0131 g\u00f6revinden dolay\u0131; dini, siyasi, sosyal, felsefi inan\u00e7, d\u00fc\u015f\u00fcnce ve kanaatlerini a\u00e7\u0131klamas\u0131ndan, de\u011fi\u015ftirmesinden, yaymaya \u00e7al\u0131\u015fmas\u0131ndan, mensup oldu\u011fu dinin emir ve yasaklar\u0131na uygun davranmas\u0131ndan dolay\u0131; ki\u015finin mensup bulundu\u011fu dine g\u00f6re kutsal say\u0131lan de\u011ferlerden bahisle i\u015flenmesi halinde cezan\u0131n alt s\u0131n\u0131r\u0131 bu sefer en az 1 y\u0131l olarak art\u0131r\u0131l\u0131r.<\/p>\n<p>Sosyal a\u011flar \u00fczerinden hakaret su\u00e7u genel olarak 2 \u015fekilde i\u015flenmektedir:<\/p>\n<ol>\n<li>Hakaret su\u00e7unu olu\u015fturan i\u00e7eri\u011fi olu\u015fturma<\/li>\n<li>Hakaret su\u00e7una ili\u015fkin i\u00e7eri\u011fi payla\u015fma<\/li>\n<\/ol>\n<p><strong>Sonu\u00e7 olarak; hakaret su\u00e7unun olu\u015fmas\u0131 i\u00e7in ki\u015finin onur, \u015feref ve sayg\u0131nl\u0131\u011f\u0131n\u0131 rencide edecek nitelikte olmas\u0131 gerekir. Ayr\u0131ca Yarg\u0131tay kararlar\u0131na g\u00f6re sosyal medyada hakaret i\u00e7eren ifadeleri yazmak ve hatta payla\u015fmak hakaret su\u00e7unu olu\u015fturur. Bu nedenle sosyal medyay\u0131 kullan\u0131rken \u2018\u2018Ne de olsa ben yazmad\u0131m\u2019\u2019 diyerek hakaret i\u00e7eren ifadeleri yazmak ve payla\u015fmaktan uzak dural\u0131m.<\/strong><\/p>\n<p><strong>\u00c7itil Avukatl\u0131k Ortakl\u0131\u011f\u0131 Blog sayfas\u0131nda yer alan hukuk ve di\u011fer konulardaki yaz\u0131lar ilk sizin e-postan\u0131za gelsin isterseniz \u00c7itil Haber B\u00fclteni\u2019ne abone olun! <\/strong><\/p>\n<p><strong>Talha AVCI<\/strong><\/p>\n<p><strong>Kaynak\u00e7a:<\/strong><\/p>\n<p><a href=\"https:\/\/tez.yok.gov.tr\/UlusalTezMerkezi\/TezGoster?key=sELqxhTlFGAjsbjOuuiyCBdyzYnEeOetwJql8ivL2SVaPHmXuxKZSY0bcDiyVUnz\"><strong>https:\/\/tez.yok.gov.tr\/UlusalTezMerkezi\/TezGoster?key=sELqxhTlFGAjsbjOuuiyCBdyzYnEeOetwJql8ivL2SVaPHmXuxKZSY0bcDiyVUnz<\/strong><\/a><\/p>\n<p><a href=\"https:\/\/tez.yok.gov.tr\/UlusalTezMerkezi\/TezGoster?key=fl0Kw4p1rmMDotyKRdYv1HkvMX5uvBCFAB4HRpMIyZF4uf-BCDYGWsKLa5CDlZqf\"><strong>https:\/\/tez.yok.gov.tr\/UlusalTezMerkezi\/TezGoster?key=fl0Kw4p1rmMDotyKRdYv1HkvMX5uvBCFAB4HRpMIyZF4uf-BCDYGWsKLa5CDlZqf<\/strong><\/a><\/p>\n<p><a href=\"https:\/\/www.mevzuat.gov.tr\/mevzuat?MevzuatNo=5237&amp;MevzuatTur=1&amp;MevzuatTertip=5\"><strong>https:\/\/www.mevzuat.gov.tr\/mevzuat?MevzuatNo=5237&amp;MevzuatTur=1&amp;MevzuatTertip=5<\/strong><\/a><\/p>","protected":false},"excerpt":{"rendered":"<p>G\u00fcn\u00fcm\u00fczde sosyal medya kullan\u0131m\u0131n\u0131n artmas\u0131yla bu alanda en s\u0131k i\u015flenen su\u00e7 hakaret su\u00e7u olmu\u015ftur. Ki\u015filerin sosyal medyadaki ifadelerinin hakaret su\u00e7unu mu olu\u015fturdu\u011fu yoksa A\u0130HS (Avrupa \u0130nsan Haklar\u0131 S\u00f6zle\u015fmesi) 10.maddesindek ifade \u00f6zg\u00fcrl\u00fc\u011f\u00fc \u00e7er\u00e7evesinde mi de\u011ferlendirilmesi gerekti\u011fi hukukun ilgi alan\u0131na girer. TCK (T\u00fcrk Ceza Kanunu), \u015ferefe kar\u015f\u0131 su\u00e7lar ba\u015fl\u0131\u011f\u0131 alt\u0131nda 125-131.maddeleri aras\u0131nda hakaret su\u00e7unu d\u00fczenlemi\u015f ve baz\u0131&#8230;<\/p>","protected":false},"author":1,"featured_media":13292,"comment_status":"closed","ping_status":"closed","sticky":false,"template":"","format":"standard","meta":[],"categories":[278,95,248],"tags":[338,243,363,362,90,581,582,283],"yoast_head":"<!-- This site is optimized with the Yoast SEO plugin v21.1 - https:\/\/yoast.com\/wordpress\/plugins\/seo\/ -->\n<title>\u00c7itil Avukatl\u0131k Ortakl\u0131\u011f\u0131 - Sosyal Medyada Hakaret Su\u00e7u<\/title>\n<meta name=\"description\" content=\"Basit ve yal\u0131n bir tema i\u00e7ermesine ek olarak kullan\u0131m\u0131 kolay olmas\u0131 sebebiyle toplumun hemen her kesiminden kullan\u0131c\u0131ya eri\u015fen sosyal medya; i\u00e7erik olu\u015fturma ve olu\u015fturulan i\u00e7eri\u011fi okumada g\u00f6n\u00fcll\u00fcl\u00fck esas\u0131na dayal\u0131 olan her t\u00fcrl\u00fc payla\u015f\u0131m i\u00e7in zemin haz\u0131rlamaktad\u0131r. Bu sebeple i\u00e7erikleri daha \u00e7ok kullan\u0131c\u0131lar ve kat\u0131l\u0131mc\u0131lar taraf\u0131ndan olu\u015fturulan sosyal medya; bu y\u00f6n\u00fcyle di\u011fer web sitelerinden ayr\u0131lmaktad\u0131r.\" \/>\n<meta name=\"robots\" content=\"index, follow, max-snippet:-1, max-image-preview:large, max-video-preview:-1\" \/>\n<link rel=\"canonical\" href=\"https:\/\/citil.av.tr\/en\/sosyal-medyada-hakaret-sucu\/\" \/>\n<meta property=\"og:locale\" content=\"en_US\" \/>\n<meta property=\"og:type\" content=\"article\" \/>\n<meta property=\"og:title\" content=\"\u00c7itil Avukatl\u0131k Ortakl\u0131\u011f\u0131 - Sosyal Medyada Hakaret Su\u00e7u\" \/>\n<meta property=\"og:description\" content=\"Basit ve yal\u0131n bir tema i\u00e7ermesine ek olarak kullan\u0131m\u0131 kolay olmas\u0131 sebebiyle toplumun hemen her kesiminden kullan\u0131c\u0131ya eri\u015fen sosyal medya; i\u00e7erik olu\u015fturma ve olu\u015fturulan i\u00e7eri\u011fi okumada g\u00f6n\u00fcll\u00fcl\u00fck esas\u0131na dayal\u0131 olan her t\u00fcrl\u00fc payla\u015f\u0131m i\u00e7in zemin haz\u0131rlamaktad\u0131r. Bu sebeple i\u00e7erikleri daha \u00e7ok kullan\u0131c\u0131lar ve kat\u0131l\u0131mc\u0131lar taraf\u0131ndan olu\u015fturulan sosyal medya; bu y\u00f6n\u00fcyle di\u011fer web sitelerinden ayr\u0131lmaktad\u0131r.\" \/>\n<meta property=\"og:url\" content=\"https:\/\/citil.av.tr\/en\/sosyal-medyada-hakaret-sucu\/\" \/>\n<meta property=\"og:site_name\" content=\"\u00c7itil Avukatl\u0131k Ortakl\u0131\u011f\u0131\" \/>\n<meta property=\"article:publisher\" content=\"https:\/\/wwwfacebook.com\/citillaw\" \/>\n<meta property=\"article:published_time\" content=\"2022-12-01T20:29:34+00:00\" \/>\n<meta property=\"article:modified_time\" content=\"2023-01-02T19:46:29+00:00\" \/>\n<meta property=\"og:image\" content=\"https:\/\/citil.av.tr\/wp-content\/uploads\/2022\/12\/CITIL-LAW-sosyal-medya-hakaret-sucu-1200x628px-01122022-01.jpg\" \/>\n\t<meta property=\"og:image:width\" content=\"1200\" \/>\n\t<meta property=\"og:image:height\" content=\"628\" \/>\n\t<meta property=\"og:image:type\" content=\"image\/jpeg\" \/>\n<meta name=\"author\" content=\"\u00c7itil Avukatl\u0131k Ortakl\u0131\u011f\u0131\" \/>\n<meta name=\"twitter:card\" content=\"summary_large_image\" \/>\n<meta name=\"twitter:creator\" content=\"@citillaw\" \/>\n<meta name=\"twitter:site\" content=\"@citillaw\" \/>\n<meta name=\"twitter:label1\" content=\"Written by\" \/>\n\t<meta name=\"twitter:data1\" content=\"\u00c7itil Avukatl\u0131k Ortakl\u0131\u011f\u0131\" \/>\n\t<meta name=\"twitter:label2\" content=\"Est. reading time\" \/>\n\t<meta name=\"twitter:data2\" content=\"2 minutes\" \/>\n<script type=\"application\/ld+json\" class=\"yoast-schema-graph\">{\"@context\":\"https:\/\/schema.org\",\"@graph\":[{\"@type\":\"Article\",\"@id\":\"https:\/\/citil.av.tr\/sosyal-medyada-hakaret-sucu\/#article\",\"isPartOf\":{\"@id\":\"https:\/\/citil.av.tr\/sosyal-medyada-hakaret-sucu\/\"},\"author\":{\"name\":\"\u00c7itil Avukatl\u0131k Ortakl\u0131\u011f\u0131\",\"@id\":\"https:\/\/citil.av.tr\/en\/#\/schema\/person\/1355d05b627ee5b20e8066268a2da484\"},\"headline\":\"Sosyal Medyada Hakaret Su\u00e7u\",\"datePublished\":\"2022-12-01T20:29:34+00:00\",\"dateModified\":\"2023-01-02T19:46:29+00:00\",\"mainEntityOfPage\":{\"@id\":\"https:\/\/citil.av.tr\/sosyal-medyada-hakaret-sucu\/\"},\"wordCount\":498,\"publisher\":{\"@id\":\"https:\/\/citil.av.tr\/en\/#organization\"},\"keywords\":[\"avukatl\u0131k b\u00fcrosu\",\"dezenformasyon yasas\u0131\",\"hakaret\",\"i\u00e7erik\",\"sosyal medya\",\"sosyal medya hakaret su\u00e7u\",\"sosyal medya hakaret su\u00e7u nereye \u015fikayet edilir\",\"su\u00e7\"],\"articleSection\":[\"Bili\u015fim Hukuku\",\"Blog\",\"Ceza Hukuku\"],\"inLanguage\":\"en-US\"},{\"@type\":\"WebPage\",\"@id\":\"https:\/\/citil.av.tr\/sosyal-medyada-hakaret-sucu\/\",\"url\":\"https:\/\/citil.av.tr\/sosyal-medyada-hakaret-sucu\/\",\"name\":\"\u00c7itil Avukatl\u0131k Ortakl\u0131\u011f\u0131 - Sosyal Medyada Hakaret Su\u00e7u\",\"isPartOf\":{\"@id\":\"https:\/\/citil.av.tr\/en\/#website\"},\"datePublished\":\"2022-12-01T20:29:34+00:00\",\"dateModified\":\"2023-01-02T19:46:29+00:00\",\"description\":\"Basit ve yal\u0131n bir tema i\u00e7ermesine ek olarak kullan\u0131m\u0131 kolay olmas\u0131 sebebiyle toplumun hemen her kesiminden kullan\u0131c\u0131ya eri\u015fen sosyal medya; i\u00e7erik olu\u015fturma ve olu\u015fturulan i\u00e7eri\u011fi okumada g\u00f6n\u00fcll\u00fcl\u00fck esas\u0131na dayal\u0131 olan her t\u00fcrl\u00fc payla\u015f\u0131m i\u00e7in zemin haz\u0131rlamaktad\u0131r. Bu sebeple i\u00e7erikleri daha \u00e7ok kullan\u0131c\u0131lar ve kat\u0131l\u0131mc\u0131lar taraf\u0131ndan olu\u015fturulan sosyal medya; bu y\u00f6n\u00fcyle di\u011fer web sitelerinden ayr\u0131lmaktad\u0131r.\",\"breadcrumb\":{\"@id\":\"https:\/\/citil.av.tr\/sosyal-medyada-hakaret-sucu\/#breadcrumb\"},\"inLanguage\":\"en-US\",\"potentialAction\":[{\"@type\":\"ReadAction\",\"target\":[\"https:\/\/citil.av.tr\/sosyal-medyada-hakaret-sucu\/\"]}]},{\"@type\":\"BreadcrumbList\",\"@id\":\"https:\/\/citil.av.tr\/sosyal-medyada-hakaret-sucu\/#breadcrumb\",\"itemListElement\":[{\"@type\":\"ListItem\",\"position\":1,\"name\":\"Anasayfa\",\"item\":\"https:\/\/citil.av.tr\/\"},{\"@type\":\"ListItem\",\"position\":2,\"name\":\"Sosyal Medyada Hakaret Su\u00e7u\"}]},{\"@type\":\"WebSite\",\"@id\":\"https:\/\/citil.av.tr\/en\/#website\",\"url\":\"https:\/\/citil.av.tr\/en\/\",\"name\":\"\u00c7itil Avukatl\u0131k Ortakl\u0131\u011f\u0131\",\"description\":\"\u00c7itil Avukatl\u0131k Ortakl\u0131\u011f\u0131\",\"publisher\":{\"@id\":\"https:\/\/citil.av.tr\/en\/#organization\"},\"potentialAction\":[{\"@type\":\"SearchAction\",\"target\":{\"@type\":\"EntryPoint\",\"urlTemplate\":\"https:\/\/citil.av.tr\/en\/?s={search_term_string}\"},\"query-input\":\"required name=search_term_string\"}],\"inLanguage\":\"en-US\"},{\"@type\":\"Organization\",\"@id\":\"https:\/\/citil.av.tr\/en\/#organization\",\"name\":\"\u00c7itil Avukatl\u0131k Ortakl\u0131\u011f\u0131\",\"url\":\"https:\/\/citil.av.tr\/en\/\",\"logo\":{\"@type\":\"ImageObject\",\"inLanguage\":\"en-US\",\"@id\":\"https:\/\/citil.av.tr\/en\/#\/schema\/logo\/image\/\",\"url\":\"https:\/\/citil.av.tr\/wp-content\/uploads\/2020\/11\/citillaw.png\",\"contentUrl\":\"https:\/\/citil.av.tr\/wp-content\/uploads\/2020\/11\/citillaw.png\",\"width\":540,\"height\":118,\"caption\":\"\u00c7itil Avukatl\u0131k Ortakl\u0131\u011f\u0131\"},\"image\":{\"@id\":\"https:\/\/citil.av.tr\/en\/#\/schema\/logo\/image\/\"},\"sameAs\":[\"https:\/\/wwwfacebook.com\/citillaw\",\"https:\/\/twitter.com\/citillaw\",\"https:\/\/instagram.com\/citillaw\",\"https:\/\/www.linkedin.com\/company\/citillaw\/\",\"https:\/\/www.youtube.com\/channel\/UCnDUExMdk-zREsgxkg0GGTg\"]},{\"@type\":\"Person\",\"@id\":\"https:\/\/citil.av.tr\/en\/#\/schema\/person\/1355d05b627ee5b20e8066268a2da484\",\"name\":\"\u00c7itil Avukatl\u0131k Ortakl\u0131\u011f\u0131\",\"sameAs\":[\"https:\/\/citil.av.tr\/\"]}]}<\/script>\n<!-- \/ Yoast SEO plugin. -->","yoast_head_json":{"title":"\u00c7itil Avukatl\u0131k Ortakl\u0131\u011f\u0131 - Sosyal Medyada Hakaret Su\u00e7u","description":"Basit ve yal\u0131n bir tema i\u00e7ermesine ek olarak kullan\u0131m\u0131 kolay olmas\u0131 sebebiyle toplumun hemen her kesiminden kullan\u0131c\u0131ya eri\u015fen sosyal medya; i\u00e7erik olu\u015fturma ve olu\u015fturulan i\u00e7eri\u011fi okumada g\u00f6n\u00fcll\u00fcl\u00fck esas\u0131na dayal\u0131 olan her t\u00fcrl\u00fc payla\u015f\u0131m i\u00e7in zemin haz\u0131rlamaktad\u0131r. Bu sebeple i\u00e7erikleri daha \u00e7ok kullan\u0131c\u0131lar ve kat\u0131l\u0131mc\u0131lar taraf\u0131ndan olu\u015fturulan sosyal medya; bu y\u00f6n\u00fcyle di\u011fer web sitelerinden ayr\u0131lmaktad\u0131r.","robots":{"index":"index","follow":"follow","max-snippet":"max-snippet:-1","max-image-preview":"max-image-preview:large","max-video-preview":"max-video-preview:-1"},"canonical":"https:\/\/citil.av.tr\/en\/sosyal-medyada-hakaret-sucu\/","og_locale":"en_US","og_type":"article","og_title":"\u00c7itil Avukatl\u0131k Ortakl\u0131\u011f\u0131 - Sosyal Medyada Hakaret Su\u00e7u","og_description":"Basit ve yal\u0131n bir tema i\u00e7ermesine ek olarak kullan\u0131m\u0131 kolay olmas\u0131 sebebiyle toplumun hemen her kesiminden kullan\u0131c\u0131ya eri\u015fen sosyal medya; i\u00e7erik olu\u015fturma ve olu\u015fturulan i\u00e7eri\u011fi okumada g\u00f6n\u00fcll\u00fcl\u00fck esas\u0131na dayal\u0131 olan her t\u00fcrl\u00fc payla\u015f\u0131m i\u00e7in zemin haz\u0131rlamaktad\u0131r. Bu sebeple i\u00e7erikleri daha \u00e7ok kullan\u0131c\u0131lar ve kat\u0131l\u0131mc\u0131lar taraf\u0131ndan olu\u015fturulan sosyal medya; bu y\u00f6n\u00fcyle di\u011fer web sitelerinden ayr\u0131lmaktad\u0131r.","og_url":"https:\/\/citil.av.tr\/en\/sosyal-medyada-hakaret-sucu\/","og_site_name":"\u00c7itil Avukatl\u0131k Ortakl\u0131\u011f\u0131","article_publisher":"https:\/\/wwwfacebook.com\/citillaw","article_published_time":"2022-12-01T20:29:34+00:00","article_modified_time":"2023-01-02T19:46:29+00:00","og_image":[{"width":1200,"height":628,"url":"https:\/\/citil.av.tr\/wp-content\/uploads\/2022\/12\/CITIL-LAW-sosyal-medya-hakaret-sucu-1200x628px-01122022-01.jpg","type":"image\/jpeg"}],"author":"\u00c7itil Avukatl\u0131k Ortakl\u0131\u011f\u0131","twitter_card":"summary_large_image","twitter_creator":"@citillaw","twitter_site":"@citillaw","twitter_misc":{"Written by":"\u00c7itil Avukatl\u0131k Ortakl\u0131\u011f\u0131","Est. reading time":"2 minutes"},"schema":{"@context":"https:\/\/schema.org","@graph":[{"@type":"Article","@id":"https:\/\/citil.av.tr\/sosyal-medyada-hakaret-sucu\/#article","isPartOf":{"@id":"https:\/\/citil.av.tr\/sosyal-medyada-hakaret-sucu\/"},"author":{"name":"\u00c7itil Avukatl\u0131k Ortakl\u0131\u011f\u0131","@id":"https:\/\/citil.av.tr\/en\/#\/schema\/person\/1355d05b627ee5b20e8066268a2da484"},"headline":"Sosyal Medyada Hakaret Su\u00e7u","datePublished":"2022-12-01T20:29:34+00:00","dateModified":"2023-01-02T19:46:29+00:00","mainEntityOfPage":{"@id":"https:\/\/citil.av.tr\/sosyal-medyada-hakaret-sucu\/"},"wordCount":498,"publisher":{"@id":"https:\/\/citil.av.tr\/en\/#organization"},"keywords":["avukatl\u0131k b\u00fcrosu","dezenformasyon yasas\u0131","hakaret","i\u00e7erik","sosyal medya","sosyal medya hakaret su\u00e7u","sosyal medya hakaret su\u00e7u nereye \u015fikayet edilir","su\u00e7"],"articleSection":["Bili\u015fim Hukuku","Blog","Ceza Hukuku"],"inLanguage":"en-US"},{"@type":"WebPage","@id":"https:\/\/citil.av.tr\/sosyal-medyada-hakaret-sucu\/","url":"https:\/\/citil.av.tr\/sosyal-medyada-hakaret-sucu\/","name":"\u00c7itil Avukatl\u0131k Ortakl\u0131\u011f\u0131 - Sosyal Medyada Hakaret Su\u00e7u","isPartOf":{"@id":"https:\/\/citil.av.tr\/en\/#website"},"datePublished":"2022-12-01T20:29:34+00:00","dateModified":"2023-01-02T19:46:29+00:00","description":"Basit ve yal\u0131n bir tema i\u00e7ermesine ek olarak kullan\u0131m\u0131 kolay olmas\u0131 sebebiyle toplumun hemen her kesiminden kullan\u0131c\u0131ya eri\u015fen sosyal medya; i\u00e7erik olu\u015fturma ve olu\u015fturulan i\u00e7eri\u011fi okumada g\u00f6n\u00fcll\u00fcl\u00fck esas\u0131na dayal\u0131 olan her t\u00fcrl\u00fc payla\u015f\u0131m i\u00e7in zemin haz\u0131rlamaktad\u0131r. Bu sebeple i\u00e7erikleri daha \u00e7ok kullan\u0131c\u0131lar ve kat\u0131l\u0131mc\u0131lar taraf\u0131ndan olu\u015fturulan sosyal medya; bu y\u00f6n\u00fcyle di\u011fer web sitelerinden ayr\u0131lmaktad\u0131r.","breadcrumb":{"@id":"https:\/\/citil.av.tr\/sosyal-medyada-hakaret-sucu\/#breadcrumb"},"inLanguage":"en-US","potentialAction":[{"@type":"ReadAction","target":["https:\/\/citil.av.tr\/sosyal-medyada-hakaret-sucu\/"]}]},{"@type":"BreadcrumbList","@id":"https:\/\/citil.av.tr\/sosyal-medyada-hakaret-sucu\/#breadcrumb","itemListElement":[{"@type":"ListItem","position":1,"name":"Anasayfa","item":"https:\/\/citil.av.tr\/"},{"@type":"ListItem","position":2,"name":"Sosyal Medyada Hakaret Su\u00e7u"}]},{"@type":"WebSite","@id":"https:\/\/citil.av.tr\/en\/#website","url":"https:\/\/citil.av.tr\/en\/","name":"Citil Attorney Partnership","description":"Citil Attorney Partnership","publisher":{"@id":"https:\/\/citil.av.tr\/en\/#organization"},"potentialAction":[{"@type":"SearchAction","target":{"@type":"EntryPoint","urlTemplate":"https:\/\/citil.av.tr\/en\/?s={search_term_string}"},"query-input":"required name=search_term_string"}],"inLanguage":"en-US"},{"@type":"Organization","@id":"https:\/\/citil.av.tr\/en\/#organization","name":"Citil Attorney Partnership","url":"https:\/\/citil.av.tr\/en\/","logo":{"@type":"ImageObject","inLanguage":"en-US","@id":"https:\/\/citil.av.tr\/en\/#\/schema\/logo\/image\/","url":"https:\/\/citil.av.tr\/wp-content\/uploads\/2020\/11\/citillaw.png","contentUrl":"https:\/\/citil.av.tr\/wp-content\/uploads\/2020\/11\/citillaw.png","width":540,"height":118,"caption":"\u00c7itil Avukatl\u0131k Ortakl\u0131\u011f\u0131"},"image":{"@id":"https:\/\/citil.av.tr\/en\/#\/schema\/logo\/image\/"},"sameAs":["https:\/\/wwwfacebook.com\/citillaw","https:\/\/twitter.com\/citillaw","https:\/\/instagram.com\/citillaw","https:\/\/www.linkedin.com\/company\/citillaw\/","https:\/\/www.youtube.com\/channel\/UCnDUExMdk-zREsgxkg0GGTg"]},{"@type":"Person","@id":"https:\/\/citil.av.tr\/en\/#\/schema\/person\/1355d05b627ee5b20e8066268a2da484","name":"Citil Attorney Partnership","sameAs":["https:\/\/citil.av.tr\/"]}]}},"jetpack_featured_media_url":"https:\/\/citil.av.tr\/wp-content\/uploads\/2022\/12\/CITIL-LAW-sosyal-medya-hakaret-sucu-1200x628px-01122022-01.jpg","post_mailing_queue_ids":[],"_links":{"self":[{"href":"https:\/\/citil.av.tr\/en\/wp-json\/wp\/v2\/posts\/13290"}],"collection":[{"href":"https:\/\/citil.av.tr\/en\/wp-json\/wp\/v2\/posts"}],"about":[{"href":"https:\/\/citil.av.tr\/en\/wp-json\/wp\/v2\/types\/post"}],"author":[{"embeddable":true,"href":"https:\/\/citil.av.tr\/en\/wp-json\/wp\/v2\/users\/1"}],"replies":[{"embeddable":true,"href":"https:\/\/citil.av.tr\/en\/wp-json\/wp\/v2\/comments?post=13290"}],"version-history":[{"count":2,"href":"https:\/\/citil.av.tr\/en\/wp-json\/wp\/v2\/posts\/13290\/revisions"}],"predecessor-version":[{"id":13293,"href":"https:\/\/citil.av.tr\/en\/wp-json\/wp\/v2\/posts\/13290\/revisions\/13293"}],"wp:featuredmedia":[{"embeddable":true,"href":"https:\/\/citil.av.tr\/en\/wp-json\/wp\/v2\/media\/13292"}],"wp:attachment":[{"href":"https:\/\/citil.av.tr\/en\/wp-json\/wp\/v2\/media?parent=13290"}],"wp:term":[{"taxonomy":"category","embeddable":true,"href":"https:\/\/citil.av.tr\/en\/wp-json\/wp\/v2\/categories?post=13290"},{"taxonomy":"post_tag","embeddable":true,"href":"https:\/\/citil.av.tr\/en\/wp-json\/wp\/v2\/tags?post=13290"}],"curies":[{"name":"wp","href":"https:\/\/api.w.org\/{rel}","templated":true}]}}